{"id":757,"date":"2025-06-10T11:15:02","date_gmt":"2025-06-10T11:15:02","guid":{"rendered":"https:\/\/dc.ghost.uem.mz\/?p=757"},"modified":"2025-06-10T11:15:02","modified_gmt":"2025-06-10T11:15:02","slug":"xiii-conferencia-cientifica-da-uem-50-anos-de-independencia-de-mocambique-ciencia-tecnologia-e-inovacao-para-o-desenvolvimento-2","status":"publish","type":"post","link":"https:\/\/direcaocientifica.uem.mz\/?p=757","title":{"rendered":"XIII Confer\u00eancia Cient\u00edfica da UEM: 50 Anos de Independ\u00eancia de Mo\u00e7ambique \u2013 Ci\u00eancia, Tecnologia e Inova\u00e7\u00e3o para o Desenvolvimento"},"content":{"rendered":"<p>Data: 16 a 19 de setembtro de 2025<\/p>\n<p>&nbsp;<\/p>\n<p>A Universidade Eduardo Mondlane (UEM) organiza, entre os dias 16 e 19 de Setembro de 2025, a XIII Confer\u00eancia Cient\u00edfica. Este evento constitui um espa\u00e7o de partilha de oportunidades, de estabelecimento de contactos, parcerias e interac\u00e7\u00e3o entre a comunidade acad\u00e9mica nacional e internacional. Sob o lema: \u201c50 Anos de Independ\u00eancia de Mo\u00e7ambique: A UEM na ci\u00eancia, tecnologia e inova\u00e7\u00e3o em prol do desenvolvimento\u201d, o evento engloba 9 grandes \u00e1reas tem\u00e1ticas, designadamente:<\/p>\n<p>i.\u00a0\u00a0\u00a0\u00a0\u00a0\u00a0\u00a0\u00a0Sa\u00fade e bem estar<br \/>\nii.\u00a0\u00a0\u00a0\u00a0\u00a0\u00a0Recursos Naturais, Ambiente e Mudan\u00e7as Clim\u00e1ticas<br \/>\niii.\u00a0\u00a0\u00a0\u00a0Engenharia, Inova\u00e7\u00e3o e Transforma\u00e7\u00e3o Tecnol\u00f3gica<br \/>\niv.\u00a0\u00a0\u00a0\u00a0Produ\u00e7\u00e3o Agr\u00edcola, Animal e Florestal<br \/>\nv.\u00a0\u00a0\u00a0\u00a0\u00a0\u00a0Governa\u00e7\u00e3o, Economia e Direitos Humanos<br \/>\nvi.\u00a0\u00a0\u00a0\u00a0Territ\u00f3rio, Popula\u00e7\u00e3o e Desenvolvimento Sustent\u00e1vel<br \/>\nvii.\u00a0\u00a0Cultura, Sociedade, Educa\u00e7\u00e3o e Informa\u00e7\u00e3o<br \/>\nviii. Intelig\u00eancia Artificial e TICs<br \/>\nix.\u00a0\u00a0\u00a0\u00a0Transversais<\/p>\n<p>Para mais detalhes, visite o site atrav\u00e9s do link: <a class=\"ZgsYcCdumgONIXFCFoqDwhJKByvjHoEAMMI \" href=\"https:\/\/lnkd.in\/d2rVFEA6\" target=\"_self\" data-test-app-aware-link=\"\">https:\/\/lnkd.in\/d2rVFEA6<\/a><\/p>\n","protected":false},"excerpt":{"rendered":"<p>Data: 16 a 19 de setembtro de 2025 &nbsp; A Universidade Eduardo Mondlane (UEM) organiza, entre os dias 16 e 19 de Setembro de 2025, a XIII Confer\u00eancia Cient\u00edfica. Este evento constitui um espa\u00e7o de partilha de oportunidades, de estabelecimento de contactos, parcerias e interac\u00e7\u00e3o entre a comunidade acad\u00e9mica nacional e internacional. Sob o lema: [&hellip;]<\/p>\n","protected":false},"author":2,"featured_media":759,"comment_status":"open","ping_status":"open","sticky":false,"template":"","format":"standard","meta":{"inline_featured_image":false,"site-sidebar-layout":"default","site-content-layout":"","ast-site-content-layout":"default","site-content-style":"default","site-sidebar-style":"default","ast-global-header-display":"","ast-banner-title-visibility":"","ast-main-header-display":"","ast-hfb-above-header-display":"","ast-hfb-below-header-display":"","ast-hfb-mobile-header-display":"","site-post-title":"","ast-breadcrumbs-content":"","ast-featured-img":"","footer-sml-layout":"","theme-transparent-header-meta":"default","adv-header-id-meta":"","stick-header-meta":"","header-above-stick-meta":"","header-main-stick-meta":"","header-below-stick-meta":"","astra-migrate-meta-layouts":"set","ast-page-background-enabled":"default","ast-page-background-meta":{"desktop":{"background-color":"var(--ast-global-color-5)","background-image":"","background-repeat":"repeat","background-position":"center center","background-size":"auto","background-attachment":"scroll","background-type":"","background-media":"","overlay-type":"","overlay-color":"","overlay-opacity":"","overlay-gradient":""},"tablet":{"background-color":"","background-image":"","background-repeat":"repeat","background-position":"center center","background-size":"auto","background-attachment":"scroll","background-type":"","background-media":"","overlay-type":"","overlay-color":"","overlay-opacity":"","overlay-gradient":""},"mobile":{"background-color":"","background-image":"","background-repeat":"repeat","background-position":"center center","background-size":"auto","background-attachment":"scroll","background-type":"","background-media":"","overlay-type":"","overlay-color":"","overlay-opacity":"","overlay-gradient":""}},"ast-content-background-meta":{"desktop":{"background-color":"var(--ast-global-color-4)","background-image":"","background-repeat":"repeat","background-position":"center center","background-size":"auto","background-attachment":"scroll","background-type":"","background-media":"","overlay-type":"","overlay-color":"","overlay-opacity":"","overlay-gradient":""},"tablet":{"background-color":"var(--ast-global-color-4)","background-image":"","background-repeat":"repeat","background-position":"center center","background-size":"auto","background-attachment":"scroll","background-type":"","background-media":"","overlay-type":"","overlay-color":"","overlay-opacity":"","overlay-gradient":""},"mobile":{"background-color":"var(--ast-global-color-4)","background-image":"","background-repeat":"repeat","background-position":"center center","background-size":"auto","background-attachment":"scroll","background-type":"","background-media":"","overlay-type":"","overlay-color":"","overlay-opacity":"","overlay-gradient":""}},"footnotes":""},"categories":[2],"tags":[],"class_list":["post-757","post","type-post","status-publish","format-standard","has-post-thumbnail","hentry","category-eventos"],"yoast_head":"<!-- This site is optimized with the Yoast SEO plugin v26.3 - https:\/\/yoast.com\/wordpress\/plugins\/seo\/ -->\n<title>XIII Confer\u00eancia Cient\u00edfica da UEM: 50 Anos de Independ\u00eancia de Mo\u00e7ambique \u2013 Ci\u00eancia, Tecnologia e Inova\u00e7\u00e3o para o Desenvolvimento<\/title>\n<meta name=\"description\" content=\"Data: 16 a 19 de setembtro de 2025 &nbsp; A Universidade Eduardo Mondlane (UEM) organiza, entre os dias 16 e 19 de Setembro de 2025, a XIII Confer\u00eancia\" \/>\n<meta name=\"robots\" content=\"index, follow, max-snippet:-1, max-image-preview:large, max-video-preview:-1\" \/>\n<link rel=\"canonical\" href=\"https:\/\/direcaocientifica.uem.mz\/?p=757\" \/>\n<meta property=\"og:locale\" content=\"pt_PT\" \/>\n<meta property=\"og:type\" content=\"article\" \/>\n<meta property=\"og:title\" content=\"XIII Confer\u00eancia Cient\u00edfica da UEM: 50 Anos de Independ\u00eancia de Mo\u00e7ambique \u2013 Ci\u00eancia, Tecnologia e Inova\u00e7\u00e3o para o Desenvolvimento\" \/>\n<meta property=\"og:description\" content=\"Data: 16 a 19 de setembtro de 2025 &nbsp; A Universidade Eduardo Mondlane (UEM) organiza, entre os dias 16 e 19 de Setembro de 2025, a XIII Confer\u00eancia\" \/>\n<meta property=\"og:url\" content=\"https:\/\/direcaocientifica.uem.mz\/?p=757\" \/>\n<meta property=\"og:site_name\" content=\"Direc\u00e7\u00e3o Cientifica\" \/>\n<meta property=\"article:published_time\" content=\"2025-06-10T11:15:02+00:00\" \/>\n<meta property=\"og:image\" content=\"https:\/\/direcaocientifica.uem.mz\/wp-content\/uploads\/2025\/06\/XIII-CCientifica-1-1.jpg\" \/>\n\t<meta property=\"og:image:width\" content=\"1920\" \/>\n\t<meta property=\"og:image:height\" content=\"600\" \/>\n\t<meta property=\"og:image:type\" content=\"image\/jpeg\" \/>\n<meta name=\"author\" content=\"Alberto Martins\" \/>\n<meta name=\"twitter:card\" content=\"summary_large_image\" \/>\n<meta name=\"twitter:label1\" content=\"Escrito por\" \/>\n\t<meta name=\"twitter:data1\" content=\"Alberto Martins\" \/>\n\t<meta name=\"twitter:label2\" content=\"Tempo estimado de leitura\" \/>\n\t<meta name=\"twitter:data2\" content=\"1 minuto\" \/>\n<script type=\"application\/ld+json\" class=\"yoast-schema-graph\">{\"@context\":\"https:\/\/schema.org\",\"@graph\":[{\"@type\":\"WebPage\",\"@id\":\"https:\/\/direcaocientifica.uem.mz\/?p=757\",\"url\":\"https:\/\/direcaocientifica.uem.mz\/?p=757\",\"name\":\"XIII Confer\u00eancia Cient\u00edfica da UEM: 50 Anos de Independ\u00eancia de Mo\u00e7ambique \u2013 Ci\u00eancia, Tecnologia e Inova\u00e7\u00e3o para o Desenvolvimento\",\"isPartOf\":{\"@id\":\"https:\/\/direcaocientifica.uem.mz\/#website\"},\"primaryImageOfPage\":{\"@id\":\"https:\/\/direcaocientifica.uem.mz\/?p=757#primaryimage\"},\"image\":{\"@id\":\"https:\/\/direcaocientifica.uem.mz\/?p=757#primaryimage\"},\"thumbnailUrl\":\"https:\/\/direcaocientifica.uem.mz\/wp-content\/uploads\/2025\/06\/XIII-CCientifica-1-1.jpg\",\"datePublished\":\"2025-06-10T11:15:02+00:00\",\"author\":{\"@id\":\"https:\/\/direcaocientifica.uem.mz\/#\/schema\/person\/af8c7574f60ead6d9fe7937ec2788a60\"},\"description\":\"Data: 16 a 19 de setembtro de 2025 &nbsp; A Universidade Eduardo Mondlane (UEM) organiza, entre os dias 16 e 19 de Setembro de 2025, a XIII Confer\u00eancia\",\"breadcrumb\":{\"@id\":\"https:\/\/direcaocientifica.uem.mz\/?p=757#breadcrumb\"},\"inLanguage\":\"pt-PT\",\"potentialAction\":[{\"@type\":\"ReadAction\",\"target\":[\"https:\/\/direcaocientifica.uem.mz\/?p=757\"]}]},{\"@type\":\"ImageObject\",\"inLanguage\":\"pt-PT\",\"@id\":\"https:\/\/direcaocientifica.uem.mz\/?p=757#primaryimage\",\"url\":\"https:\/\/direcaocientifica.uem.mz\/wp-content\/uploads\/2025\/06\/XIII-CCientifica-1-1.jpg\",\"contentUrl\":\"https:\/\/direcaocientifica.uem.mz\/wp-content\/uploads\/2025\/06\/XIII-CCientifica-1-1.jpg\",\"width\":1920,\"height\":600},{\"@type\":\"BreadcrumbList\",\"@id\":\"https:\/\/direcaocientifica.uem.mz\/?p=757#breadcrumb\",\"itemListElement\":[{\"@type\":\"ListItem\",\"position\":1,\"name\":\"Home\",\"item\":\"https:\/\/direcaocientifica.uem.mz\/\"},{\"@type\":\"ListItem\",\"position\":2,\"name\":\"XIII Confer\u00eancia Cient\u00edfica da UEM: 50 Anos de Independ\u00eancia de Mo\u00e7ambique \u2013 Ci\u00eancia, Tecnologia e Inova\u00e7\u00e3o para o Desenvolvimento\"}]},{\"@type\":\"WebSite\",\"@id\":\"https:\/\/direcaocientifica.uem.mz\/#website\",\"url\":\"https:\/\/direcaocientifica.uem.mz\/\",\"name\":\"Direc\u00e7\u00e3o Cientifica\",\"description\":\"\",\"alternateName\":\"DC\",\"potentialAction\":[{\"@type\":\"SearchAction\",\"target\":{\"@type\":\"EntryPoint\",\"urlTemplate\":\"https:\/\/direcaocientifica.uem.mz\/?s={search_term_string}\"},\"query-input\":{\"@type\":\"PropertyValueSpecification\",\"valueRequired\":true,\"valueName\":\"search_term_string\"}}],\"inLanguage\":\"pt-PT\"},{\"@type\":\"Person\",\"@id\":\"https:\/\/direcaocientifica.uem.mz\/#\/schema\/person\/af8c7574f60ead6d9fe7937ec2788a60\",\"name\":\"Alberto Martins\",\"image\":{\"@type\":\"ImageObject\",\"inLanguage\":\"pt-PT\",\"@id\":\"https:\/\/direcaocientifica.uem.mz\/#\/schema\/person\/image\/\",\"url\":\"https:\/\/secure.gravatar.com\/avatar\/6fa414eb04b4fd5d6f2141f25116f84155e13280b8f79a61e09d7c0fcc6c5c18?s=96&d=mm&r=g\",\"contentUrl\":\"https:\/\/secure.gravatar.com\/avatar\/6fa414eb04b4fd5d6f2141f25116f84155e13280b8f79a61e09d7c0fcc6c5c18?s=96&d=mm&r=g\",\"caption\":\"Alberto Martins\"}}]}<\/script>\n<!-- \/ Yoast SEO plugin. -->","yoast_head_json":{"title":"XIII Confer\u00eancia Cient\u00edfica da UEM: 50 Anos de Independ\u00eancia de Mo\u00e7ambique \u2013 Ci\u00eancia, Tecnologia e Inova\u00e7\u00e3o para o Desenvolvimento","description":"Data: 16 a 19 de setembtro de 2025 &nbsp; A Universidade Eduardo Mondlane (UEM) organiza, entre os dias 16 e 19 de Setembro de 2025, a XIII Confer\u00eancia","robots":{"index":"index","follow":"follow","max-snippet":"max-snippet:-1","max-image-preview":"max-image-preview:large","max-video-preview":"max-video-preview:-1"},"canonical":"https:\/\/direcaocientifica.uem.mz\/?p=757","og_locale":"pt_PT","og_type":"article","og_title":"XIII Confer\u00eancia Cient\u00edfica da UEM: 50 Anos de Independ\u00eancia de Mo\u00e7ambique \u2013 Ci\u00eancia, Tecnologia e Inova\u00e7\u00e3o para o Desenvolvimento","og_description":"Data: 16 a 19 de setembtro de 2025 &nbsp; A Universidade Eduardo Mondlane (UEM) organiza, entre os dias 16 e 19 de Setembro de 2025, a XIII Confer\u00eancia","og_url":"https:\/\/direcaocientifica.uem.mz\/?p=757","og_site_name":"Direc\u00e7\u00e3o Cientifica","article_published_time":"2025-06-10T11:15:02+00:00","og_image":[{"width":1920,"height":600,"url":"https:\/\/direcaocientifica.uem.mz\/wp-content\/uploads\/2025\/06\/XIII-CCientifica-1-1.jpg","type":"image\/jpeg"}],"author":"Alberto Martins","twitter_card":"summary_large_image","twitter_misc":{"Escrito por":"Alberto Martins","Tempo estimado de leitura":"1 minuto"},"schema":{"@context":"https:\/\/schema.org","@graph":[{"@type":"WebPage","@id":"https:\/\/direcaocientifica.uem.mz\/?p=757","url":"https:\/\/direcaocientifica.uem.mz\/?p=757","name":"XIII Confer\u00eancia Cient\u00edfica da UEM: 50 Anos de Independ\u00eancia de Mo\u00e7ambique \u2013 Ci\u00eancia, Tecnologia e Inova\u00e7\u00e3o para o Desenvolvimento","isPartOf":{"@id":"https:\/\/direcaocientifica.uem.mz\/#website"},"primaryImageOfPage":{"@id":"https:\/\/direcaocientifica.uem.mz\/?p=757#primaryimage"},"image":{"@id":"https:\/\/direcaocientifica.uem.mz\/?p=757#primaryimage"},"thumbnailUrl":"https:\/\/direcaocientifica.uem.mz\/wp-content\/uploads\/2025\/06\/XIII-CCientifica-1-1.jpg","datePublished":"2025-06-10T11:15:02+00:00","author":{"@id":"https:\/\/direcaocientifica.uem.mz\/#\/schema\/person\/af8c7574f60ead6d9fe7937ec2788a60"},"description":"Data: 16 a 19 de setembtro de 2025 &nbsp; A Universidade Eduardo Mondlane (UEM) organiza, entre os dias 16 e 19 de Setembro de 2025, a XIII Confer\u00eancia","breadcrumb":{"@id":"https:\/\/direcaocientifica.uem.mz\/?p=757#breadcrumb"},"inLanguage":"pt-PT","potentialAction":[{"@type":"ReadAction","target":["https:\/\/direcaocientifica.uem.mz\/?p=757"]}]},{"@type":"ImageObject","inLanguage":"pt-PT","@id":"https:\/\/direcaocientifica.uem.mz\/?p=757#primaryimage","url":"https:\/\/direcaocientifica.uem.mz\/wp-content\/uploads\/2025\/06\/XIII-CCientifica-1-1.jpg","contentUrl":"https:\/\/direcaocientifica.uem.mz\/wp-content\/uploads\/2025\/06\/XIII-CCientifica-1-1.jpg","width":1920,"height":600},{"@type":"BreadcrumbList","@id":"https:\/\/direcaocientifica.uem.mz\/?p=757#breadcrumb","itemListElement":[{"@type":"ListItem","position":1,"name":"Home","item":"https:\/\/direcaocientifica.uem.mz\/"},{"@type":"ListItem","position":2,"name":"XIII Confer\u00eancia Cient\u00edfica da UEM: 50 Anos de Independ\u00eancia de Mo\u00e7ambique \u2013 Ci\u00eancia, Tecnologia e Inova\u00e7\u00e3o para o Desenvolvimento"}]},{"@type":"WebSite","@id":"https:\/\/direcaocientifica.uem.mz\/#website","url":"https:\/\/direcaocientifica.uem.mz\/","name":"Direc\u00e7\u00e3o Cientifica","description":"","alternateName":"DC","potentialAction":[{"@type":"SearchAction","target":{"@type":"EntryPoint","urlTemplate":"https:\/\/direcaocientifica.uem.mz\/?s={search_term_string}"},"query-input":{"@type":"PropertyValueSpecification","valueRequired":true,"valueName":"search_term_string"}}],"inLanguage":"pt-PT"},{"@type":"Person","@id":"https:\/\/direcaocientifica.uem.mz\/#\/schema\/person\/af8c7574f60ead6d9fe7937ec2788a60","name":"Alberto Martins","image":{"@type":"ImageObject","inLanguage":"pt-PT","@id":"https:\/\/direcaocientifica.uem.mz\/#\/schema\/person\/image\/","url":"https:\/\/secure.gravatar.com\/avatar\/6fa414eb04b4fd5d6f2141f25116f84155e13280b8f79a61e09d7c0fcc6c5c18?s=96&d=mm&r=g","contentUrl":"https:\/\/secure.gravatar.com\/avatar\/6fa414eb04b4fd5d6f2141f25116f84155e13280b8f79a61e09d7c0fcc6c5c18?s=96&d=mm&r=g","caption":"Alberto Martins"}}]}},"rttpg_featured_image_url":{"full":["https:\/\/direcaocientifica.uem.mz\/wp-content\/uploads\/2025\/06\/XIII-CCientifica-1-1.jpg",1920,600,false],"landscape":["https:\/\/direcaocientifica.uem.mz\/wp-content\/uploads\/2025\/06\/XIII-CCientifica-1-1.jpg",1920,600,false],"portraits":["https:\/\/direcaocientifica.uem.mz\/wp-content\/uploads\/2025\/06\/XIII-CCientifica-1-1.jpg",1920,600,false],"thumbnail":["https:\/\/direcaocientifica.uem.mz\/wp-content\/uploads\/2025\/06\/XIII-CCientifica-1-1-150x150.jpg",150,150,true],"medium":["https:\/\/direcaocientifica.uem.mz\/wp-content\/uploads\/2025\/06\/XIII-CCientifica-1-1-300x94.jpg",300,94,true],"large":["https:\/\/direcaocientifica.uem.mz\/wp-content\/uploads\/2025\/06\/XIII-CCientifica-1-1-1024x320.jpg",1024,320,true],"1536x1536":["https:\/\/direcaocientifica.uem.mz\/wp-content\/uploads\/2025\/06\/XIII-CCientifica-1-1-1536x480.jpg",1536,480,true],"2048x2048":["https:\/\/direcaocientifica.uem.mz\/wp-content\/uploads\/2025\/06\/XIII-CCientifica-1-1.jpg",1920,600,false]},"rttpg_author":{"display_name":"Alberto Martins","author_link":"https:\/\/direcaocientifica.uem.mz\/?author=2"},"rttpg_comment":4,"rttpg_category":"<a href=\"https:\/\/direcaocientifica.uem.mz\/?cat=2\" rel=\"category\">Eventos<\/a>","rttpg_excerpt":"Data: 16 a 19 de setembtro de 2025 &nbsp; A Universidade Eduardo Mondlane (UEM) organiza, entre os dias 16 e 19 de Setembro de 2025, a XIII Confer\u00eancia Cient\u00edfica. Este evento constitui um espa\u00e7o de partilha de oportunidades, de estabelecimento de contactos, parcerias e interac\u00e7\u00e3o entre a comunidade acad\u00e9mica nacional e internacional. Sob o lema:&hellip;","_links":{"self":[{"href":"https:\/\/direcaocientifica.uem.mz\/index.php?rest_route=\/wp\/v2\/posts\/757","targetHints":{"allow":["GET"]}}],"collection":[{"href":"https:\/\/direcaocientifica.uem.mz\/index.php?rest_route=\/wp\/v2\/posts"}],"about":[{"href":"https:\/\/direcaocientifica.uem.mz\/index.php?rest_route=\/wp\/v2\/types\/post"}],"author":[{"embeddable":true,"href":"https:\/\/direcaocientifica.uem.mz\/index.php?rest_route=\/wp\/v2\/users\/2"}],"replies":[{"embeddable":true,"href":"https:\/\/direcaocientifica.uem.mz\/index.php?rest_route=%2Fwp%2Fv2%2Fcomments&post=757"}],"version-history":[{"count":0,"href":"https:\/\/direcaocientifica.uem.mz\/index.php?rest_route=\/wp\/v2\/posts\/757\/revisions"}],"wp:featuredmedia":[{"embeddable":true,"href":"https:\/\/direcaocientifica.uem.mz\/index.php?rest_route=\/wp\/v2\/media\/759"}],"wp:attachment":[{"href":"https:\/\/direcaocientifica.uem.mz\/index.php?rest_route=%2Fwp%2Fv2%2Fmedia&parent=757"}],"wp:term":[{"taxonomy":"category","embeddable":true,"href":"https:\/\/direcaocientifica.uem.mz\/index.php?rest_route=%2Fwp%2Fv2%2Fcategories&post=757"},{"taxonomy":"post_tag","embeddable":true,"href":"https:\/\/direcaocientifica.uem.mz\/index.php?rest_route=%2Fwp%2Fv2%2Ftags&post=757"}],"curies":[{"name":"wp","href":"https:\/\/api.w.org\/{rel}","templated":true}]}}