{"id":561,"date":"2025-05-26T10:45:41","date_gmt":"2025-05-26T10:45:41","guid":{"rendered":"https:\/\/dc.ghost.uem.mz\/?p=561"},"modified":"2025-05-26T10:45:41","modified_gmt":"2025-05-26T10:45:41","slug":"561","status":"publish","type":"post","link":"https:\/\/direcaocientifica.uem.mz\/?p=561","title":{"rendered":"Parceria Estrat\u00e9gica na Gest\u00e3o da Investiga\u00e7\u00e3o: A Dire\u00e7\u00e3o Cient\u00edfica e SARIMA Rumo ao Fortalecimento da Inova\u00e7\u00e3o"},"content":{"rendered":"<p>A Dire\u00e7\u00e3o Cient\u00edfica teve a honra de acolher uma reuni\u00e3o de 22 a 23 de maio de 2025, com uma delega\u00e7\u00e3o da Associa\u00e7\u00e3o de Gest\u00e3o de Investiga\u00e7\u00e3o e Inova\u00e7\u00e3o da \u00c1frica Austral (SARIMA). A delega\u00e7\u00e3o incluiu Nelisha Naidoo, Diretora Executiva do SARIMA, e Karin Dyason, consultora independente de gest\u00e3o de investiga\u00e7\u00e3o que apoia atividades espec\u00edficas do projeto SARIMA.<\/p>\n<p>Uma vez que a discuss\u00e3o abrangeu todas as sete \u00e1reas de interven\u00e7\u00e3o, incluindo a Diversidade, a Equidade e a Integridade, a reuni\u00e3o contou ainda com a presen\u00e7a de duas representantes do Centro de Coordena\u00e7\u00e3o para os Assuntos de G\u00e9nero, nomeadamente a Prof. \u00aa Gracinda Mataveia e a Prof. \u00aa Margarida Paulo.<\/p>\n<p>A reuni\u00e3o serviu como um ponto de verifica\u00e7\u00e3o fundamental para avaliar o progresso do projecto-piloto de dois anos que visa refor\u00e7ar a capacidade de gest\u00e3o da investiga\u00e7\u00e3o da Direc\u00e7\u00e3o Cient\u00edfica. O envolvimento com a SARIMA forneceu informa\u00e7\u00f5es valiosas para aumentar a efic\u00e1cia e o impacto do projeto. Estes contributos ir\u00e3o informar refinamentos estrat\u00e9gicos e refor\u00e7ar a implementa\u00e7\u00e3o nas sete \u00e1reas de interven\u00e7\u00e3o do projecto.<\/p>\n","protected":false},"excerpt":{"rendered":"<p>A Dire\u00e7\u00e3o Cient\u00edfica teve a honra de acolher uma reuni\u00e3o de 22 a 23 de maio de 2025, com uma delega\u00e7\u00e3o da Associa\u00e7\u00e3o de Gest\u00e3o de Investiga\u00e7\u00e3o e Inova\u00e7\u00e3o da \u00c1frica Austral (SARIMA). A delega\u00e7\u00e3o incluiu Nelisha Naidoo, Diretora Executiva do SARIMA, e Karin Dyason, consultora independente de gest\u00e3o de investiga\u00e7\u00e3o que apoia atividades espec\u00edficas [&hellip;]<\/p>\n","protected":false},"author":2,"featured_media":562,"comment_status":"open","ping_status":"open","sticky":false,"template":"","format":"standard","meta":{"inline_featured_image":false,"site-sidebar-layout":"default","site-content-layout":"","ast-site-content-layout":"default","site-content-style":"default","site-sidebar-style":"default","ast-global-header-display":"","ast-banner-title-visibility":"","ast-main-header-display":"","ast-hfb-above-header-display":"","ast-hfb-below-header-display":"","ast-hfb-mobile-header-display":"","site-post-title":"","ast-breadcrumbs-content":"","ast-featured-img":"","footer-sml-layout":"","theme-transparent-header-meta":"default","adv-header-id-meta":"","stick-header-meta":"","header-above-stick-meta":"","header-main-stick-meta":"","header-below-stick-meta":"","astra-migrate-meta-layouts":"set","ast-page-background-enabled":"default","ast-page-background-meta":{"desktop":{"background-color":"var(--ast-global-color-5)","background-image":"","background-repeat":"repeat","background-position":"center center","background-size":"auto","background-attachment":"scroll","background-type":"","background-media":"","overlay-type":"","overlay-color":"","overlay-opacity":"","overlay-gradient":""},"tablet":{"background-color":"","background-image":"","background-repeat":"repeat","background-position":"center center","background-size":"auto","background-attachment":"scroll","background-type":"","background-media":"","overlay-type":"","overlay-color":"","overlay-opacity":"","overlay-gradient":""},"mobile":{"background-color":"","background-image":"","background-repeat":"repeat","background-position":"center center","background-size":"auto","background-attachment":"scroll","background-type":"","background-media":"","overlay-type":"","overlay-color":"","overlay-opacity":"","overlay-gradient":""}},"ast-content-background-meta":{"desktop":{"background-color":"var(--ast-global-color-4)","background-image":"","background-repeat":"repeat","background-position":"center center","background-size":"auto","background-attachment":"scroll","background-type":"","background-media":"","overlay-type":"","overlay-color":"","overlay-opacity":"","overlay-gradient":""},"tablet":{"background-color":"var(--ast-global-color-4)","background-image":"","background-repeat":"repeat","background-position":"center center","background-size":"auto","background-attachment":"scroll","background-type":"","background-media":"","overlay-type":"","overlay-color":"","overlay-opacity":"","overlay-gradient":""},"mobile":{"background-color":"var(--ast-global-color-4)","background-image":"","background-repeat":"repeat","background-position":"center center","background-size":"auto","background-attachment":"scroll","background-type":"","background-media":"","overlay-type":"","overlay-color":"","overlay-opacity":"","overlay-gradient":""}},"footnotes":""},"categories":[3],"tags":[],"class_list":["post-561","post","type-post","status-publish","format-standard","has-post-thumbnail","hentry","category-noticias"],"yoast_head":"<!-- This site is optimized with the Yoast SEO plugin v26.3 - https:\/\/yoast.com\/wordpress\/plugins\/seo\/ -->\n<title>Parceria Estrat\u00e9gica na Gest\u00e3o da Investiga\u00e7\u00e3o: A Dire\u00e7\u00e3o Cient\u00edfica e SARIMA Rumo ao Fortalecimento da Inova\u00e7\u00e3o<\/title>\n<meta name=\"description\" content=\"A Dire\u00e7\u00e3o Cient\u00edfica teve a honra de acolher uma reuni\u00e3o de 22 a 23 de maio de 2025, com uma delega\u00e7\u00e3o da Associa\u00e7\u00e3o de Gest\u00e3o de Investiga\u00e7\u00e3o e Inova\u00e7\u00e3o\" \/>\n<meta name=\"robots\" content=\"index, follow, max-snippet:-1, max-image-preview:large, max-video-preview:-1\" \/>\n<link rel=\"canonical\" href=\"https:\/\/direcaocientifica.uem.mz\/?p=561\" \/>\n<meta property=\"og:locale\" content=\"pt_PT\" \/>\n<meta property=\"og:type\" content=\"article\" \/>\n<meta property=\"og:title\" content=\"Parceria Estrat\u00e9gica na Gest\u00e3o da Investiga\u00e7\u00e3o: A Dire\u00e7\u00e3o Cient\u00edfica e SARIMA Rumo ao Fortalecimento da Inova\u00e7\u00e3o\" \/>\n<meta property=\"og:description\" content=\"A Dire\u00e7\u00e3o Cient\u00edfica teve a honra de acolher uma reuni\u00e3o de 22 a 23 de maio de 2025, com uma delega\u00e7\u00e3o da Associa\u00e7\u00e3o de Gest\u00e3o de Investiga\u00e7\u00e3o e Inova\u00e7\u00e3o\" \/>\n<meta property=\"og:url\" content=\"https:\/\/direcaocientifica.uem.mz\/?p=561\" \/>\n<meta property=\"og:site_name\" content=\"Direc\u00e7\u00e3o Cientifica\" \/>\n<meta property=\"article:published_time\" content=\"2025-05-26T10:45:41+00:00\" \/>\n<meta property=\"og:image\" content=\"https:\/\/direcaocientifica.uem.mz\/wp-content\/uploads\/2025\/06\/1748029170812.jpeg\" \/>\n\t<meta property=\"og:image:width\" content=\"1280\" \/>\n\t<meta property=\"og:image:height\" content=\"960\" \/>\n\t<meta property=\"og:image:type\" content=\"image\/jpeg\" \/>\n<meta name=\"author\" content=\"Alberto Martins\" \/>\n<meta name=\"twitter:card\" content=\"summary_large_image\" \/>\n<meta name=\"twitter:label1\" content=\"Escrito por\" \/>\n\t<meta name=\"twitter:data1\" content=\"Alberto Martins\" \/>\n\t<meta name=\"twitter:label2\" content=\"Tempo estimado de leitura\" \/>\n\t<meta name=\"twitter:data2\" content=\"1 minuto\" \/>\n<script type=\"application\/ld+json\" class=\"yoast-schema-graph\">{\"@context\":\"https:\/\/schema.org\",\"@graph\":[{\"@type\":\"WebPage\",\"@id\":\"https:\/\/direcaocientifica.uem.mz\/?p=561\",\"url\":\"https:\/\/direcaocientifica.uem.mz\/?p=561\",\"name\":\"Parceria Estrat\u00e9gica na Gest\u00e3o da Investiga\u00e7\u00e3o: A Dire\u00e7\u00e3o Cient\u00edfica e SARIMA Rumo ao Fortalecimento da Inova\u00e7\u00e3o\",\"isPartOf\":{\"@id\":\"https:\/\/direcaocientifica.uem.mz\/#website\"},\"primaryImageOfPage\":{\"@id\":\"https:\/\/direcaocientifica.uem.mz\/?p=561#primaryimage\"},\"image\":{\"@id\":\"https:\/\/direcaocientifica.uem.mz\/?p=561#primaryimage\"},\"thumbnailUrl\":\"https:\/\/direcaocientifica.uem.mz\/wp-content\/uploads\/2025\/06\/1748029170812.jpeg\",\"datePublished\":\"2025-05-26T10:45:41+00:00\",\"author\":{\"@id\":\"https:\/\/direcaocientifica.uem.mz\/#\/schema\/person\/af8c7574f60ead6d9fe7937ec2788a60\"},\"description\":\"A Dire\u00e7\u00e3o Cient\u00edfica teve a honra de acolher uma reuni\u00e3o de 22 a 23 de maio de 2025, com uma delega\u00e7\u00e3o da Associa\u00e7\u00e3o de Gest\u00e3o de Investiga\u00e7\u00e3o e Inova\u00e7\u00e3o\",\"breadcrumb\":{\"@id\":\"https:\/\/direcaocientifica.uem.mz\/?p=561#breadcrumb\"},\"inLanguage\":\"pt-PT\",\"potentialAction\":[{\"@type\":\"ReadAction\",\"target\":[\"https:\/\/direcaocientifica.uem.mz\/?p=561\"]}]},{\"@type\":\"ImageObject\",\"inLanguage\":\"pt-PT\",\"@id\":\"https:\/\/direcaocientifica.uem.mz\/?p=561#primaryimage\",\"url\":\"https:\/\/direcaocientifica.uem.mz\/wp-content\/uploads\/2025\/06\/1748029170812.jpeg\",\"contentUrl\":\"https:\/\/direcaocientifica.uem.mz\/wp-content\/uploads\/2025\/06\/1748029170812.jpeg\",\"width\":1280,\"height\":960},{\"@type\":\"BreadcrumbList\",\"@id\":\"https:\/\/direcaocientifica.uem.mz\/?p=561#breadcrumb\",\"itemListElement\":[{\"@type\":\"ListItem\",\"position\":1,\"name\":\"Home\",\"item\":\"https:\/\/direcaocientifica.uem.mz\/\"},{\"@type\":\"ListItem\",\"position\":2,\"name\":\"Parceria Estrat\u00e9gica na Gest\u00e3o da Investiga\u00e7\u00e3o: A Dire\u00e7\u00e3o Cient\u00edfica e SARIMA Rumo ao Fortalecimento da Inova\u00e7\u00e3o\"}]},{\"@type\":\"WebSite\",\"@id\":\"https:\/\/direcaocientifica.uem.mz\/#website\",\"url\":\"https:\/\/direcaocientifica.uem.mz\/\",\"name\":\"Direc\u00e7\u00e3o Cientifica\",\"description\":\"\",\"alternateName\":\"DC\",\"potentialAction\":[{\"@type\":\"SearchAction\",\"target\":{\"@type\":\"EntryPoint\",\"urlTemplate\":\"https:\/\/direcaocientifica.uem.mz\/?s={search_term_string}\"},\"query-input\":{\"@type\":\"PropertyValueSpecification\",\"valueRequired\":true,\"valueName\":\"search_term_string\"}}],\"inLanguage\":\"pt-PT\"},{\"@type\":\"Person\",\"@id\":\"https:\/\/direcaocientifica.uem.mz\/#\/schema\/person\/af8c7574f60ead6d9fe7937ec2788a60\",\"name\":\"Alberto Martins\",\"image\":{\"@type\":\"ImageObject\",\"inLanguage\":\"pt-PT\",\"@id\":\"https:\/\/direcaocientifica.uem.mz\/#\/schema\/person\/image\/\",\"url\":\"https:\/\/secure.gravatar.com\/avatar\/6fa414eb04b4fd5d6f2141f25116f84155e13280b8f79a61e09d7c0fcc6c5c18?s=96&d=mm&r=g\",\"contentUrl\":\"https:\/\/secure.gravatar.com\/avatar\/6fa414eb04b4fd5d6f2141f25116f84155e13280b8f79a61e09d7c0fcc6c5c18?s=96&d=mm&r=g\",\"caption\":\"Alberto Martins\"}}]}<\/script>\n<!-- \/ Yoast SEO plugin. -->","yoast_head_json":{"title":"Parceria Estrat\u00e9gica na Gest\u00e3o da Investiga\u00e7\u00e3o: A Dire\u00e7\u00e3o Cient\u00edfica e SARIMA Rumo ao Fortalecimento da Inova\u00e7\u00e3o","description":"A Dire\u00e7\u00e3o Cient\u00edfica teve a honra de acolher uma reuni\u00e3o de 22 a 23 de maio de 2025, com uma delega\u00e7\u00e3o da Associa\u00e7\u00e3o de Gest\u00e3o de Investiga\u00e7\u00e3o e Inova\u00e7\u00e3o","robots":{"index":"index","follow":"follow","max-snippet":"max-snippet:-1","max-image-preview":"max-image-preview:large","max-video-preview":"max-video-preview:-1"},"canonical":"https:\/\/direcaocientifica.uem.mz\/?p=561","og_locale":"pt_PT","og_type":"article","og_title":"Parceria Estrat\u00e9gica na Gest\u00e3o da Investiga\u00e7\u00e3o: A Dire\u00e7\u00e3o Cient\u00edfica e SARIMA Rumo ao Fortalecimento da Inova\u00e7\u00e3o","og_description":"A Dire\u00e7\u00e3o Cient\u00edfica teve a honra de acolher uma reuni\u00e3o de 22 a 23 de maio de 2025, com uma delega\u00e7\u00e3o da Associa\u00e7\u00e3o de Gest\u00e3o de Investiga\u00e7\u00e3o e Inova\u00e7\u00e3o","og_url":"https:\/\/direcaocientifica.uem.mz\/?p=561","og_site_name":"Direc\u00e7\u00e3o Cientifica","article_published_time":"2025-05-26T10:45:41+00:00","og_image":[{"width":1280,"height":960,"url":"https:\/\/direcaocientifica.uem.mz\/wp-content\/uploads\/2025\/06\/1748029170812.jpeg","type":"image\/jpeg"}],"author":"Alberto Martins","twitter_card":"summary_large_image","twitter_misc":{"Escrito por":"Alberto Martins","Tempo estimado de leitura":"1 minuto"},"schema":{"@context":"https:\/\/schema.org","@graph":[{"@type":"WebPage","@id":"https:\/\/direcaocientifica.uem.mz\/?p=561","url":"https:\/\/direcaocientifica.uem.mz\/?p=561","name":"Parceria Estrat\u00e9gica na Gest\u00e3o da Investiga\u00e7\u00e3o: A Dire\u00e7\u00e3o Cient\u00edfica e SARIMA Rumo ao Fortalecimento da Inova\u00e7\u00e3o","isPartOf":{"@id":"https:\/\/direcaocientifica.uem.mz\/#website"},"primaryImageOfPage":{"@id":"https:\/\/direcaocientifica.uem.mz\/?p=561#primaryimage"},"image":{"@id":"https:\/\/direcaocientifica.uem.mz\/?p=561#primaryimage"},"thumbnailUrl":"https:\/\/direcaocientifica.uem.mz\/wp-content\/uploads\/2025\/06\/1748029170812.jpeg","datePublished":"2025-05-26T10:45:41+00:00","author":{"@id":"https:\/\/direcaocientifica.uem.mz\/#\/schema\/person\/af8c7574f60ead6d9fe7937ec2788a60"},"description":"A Dire\u00e7\u00e3o Cient\u00edfica teve a honra de acolher uma reuni\u00e3o de 22 a 23 de maio de 2025, com uma delega\u00e7\u00e3o da Associa\u00e7\u00e3o de Gest\u00e3o de Investiga\u00e7\u00e3o e Inova\u00e7\u00e3o","breadcrumb":{"@id":"https:\/\/direcaocientifica.uem.mz\/?p=561#breadcrumb"},"inLanguage":"pt-PT","potentialAction":[{"@type":"ReadAction","target":["https:\/\/direcaocientifica.uem.mz\/?p=561"]}]},{"@type":"ImageObject","inLanguage":"pt-PT","@id":"https:\/\/direcaocientifica.uem.mz\/?p=561#primaryimage","url":"https:\/\/direcaocientifica.uem.mz\/wp-content\/uploads\/2025\/06\/1748029170812.jpeg","contentUrl":"https:\/\/direcaocientifica.uem.mz\/wp-content\/uploads\/2025\/06\/1748029170812.jpeg","width":1280,"height":960},{"@type":"BreadcrumbList","@id":"https:\/\/direcaocientifica.uem.mz\/?p=561#breadcrumb","itemListElement":[{"@type":"ListItem","position":1,"name":"Home","item":"https:\/\/direcaocientifica.uem.mz\/"},{"@type":"ListItem","position":2,"name":"Parceria Estrat\u00e9gica na Gest\u00e3o da Investiga\u00e7\u00e3o: A Dire\u00e7\u00e3o Cient\u00edfica e SARIMA Rumo ao Fortalecimento da Inova\u00e7\u00e3o"}]},{"@type":"WebSite","@id":"https:\/\/direcaocientifica.uem.mz\/#website","url":"https:\/\/direcaocientifica.uem.mz\/","name":"Direc\u00e7\u00e3o Cientifica","description":"","alternateName":"DC","potentialAction":[{"@type":"SearchAction","target":{"@type":"EntryPoint","urlTemplate":"https:\/\/direcaocientifica.uem.mz\/?s={search_term_string}"},"query-input":{"@type":"PropertyValueSpecification","valueRequired":true,"valueName":"search_term_string"}}],"inLanguage":"pt-PT"},{"@type":"Person","@id":"https:\/\/direcaocientifica.uem.mz\/#\/schema\/person\/af8c7574f60ead6d9fe7937ec2788a60","name":"Alberto Martins","image":{"@type":"ImageObject","inLanguage":"pt-PT","@id":"https:\/\/direcaocientifica.uem.mz\/#\/schema\/person\/image\/","url":"https:\/\/secure.gravatar.com\/avatar\/6fa414eb04b4fd5d6f2141f25116f84155e13280b8f79a61e09d7c0fcc6c5c18?s=96&d=mm&r=g","contentUrl":"https:\/\/secure.gravatar.com\/avatar\/6fa414eb04b4fd5d6f2141f25116f84155e13280b8f79a61e09d7c0fcc6c5c18?s=96&d=mm&r=g","caption":"Alberto Martins"}}]}},"rttpg_featured_image_url":{"full":["https:\/\/direcaocientifica.uem.mz\/wp-content\/uploads\/2025\/06\/1748029170812.jpeg",1280,960,false],"landscape":["https:\/\/direcaocientifica.uem.mz\/wp-content\/uploads\/2025\/06\/1748029170812.jpeg",1280,960,false],"portraits":["https:\/\/direcaocientifica.uem.mz\/wp-content\/uploads\/2025\/06\/1748029170812.jpeg",1280,960,false],"thumbnail":["https:\/\/direcaocientifica.uem.mz\/wp-content\/uploads\/2025\/06\/1748029170812-150x150.jpeg",150,150,true],"medium":["https:\/\/direcaocientifica.uem.mz\/wp-content\/uploads\/2025\/06\/1748029170812-300x225.jpeg",300,225,true],"large":["https:\/\/direcaocientifica.uem.mz\/wp-content\/uploads\/2025\/06\/1748029170812-1024x768.jpeg",1024,768,true],"1536x1536":["https:\/\/direcaocientifica.uem.mz\/wp-content\/uploads\/2025\/06\/1748029170812.jpeg",1280,960,false],"2048x2048":["https:\/\/direcaocientifica.uem.mz\/wp-content\/uploads\/2025\/06\/1748029170812.jpeg",1280,960,false]},"rttpg_author":{"display_name":"Alberto Martins","author_link":"https:\/\/direcaocientifica.uem.mz\/?author=2"},"rttpg_comment":1,"rttpg_category":"<a href=\"https:\/\/direcaocientifica.uem.mz\/?cat=3\" rel=\"category\">Noticias<\/a>","rttpg_excerpt":"A Dire\u00e7\u00e3o Cient\u00edfica teve a honra de acolher uma reuni\u00e3o de 22 a 23 de maio de 2025, com uma delega\u00e7\u00e3o da Associa\u00e7\u00e3o de Gest\u00e3o de Investiga\u00e7\u00e3o e Inova\u00e7\u00e3o da \u00c1frica Austral (SARIMA). A delega\u00e7\u00e3o incluiu Nelisha Naidoo, Diretora Executiva do SARIMA, e Karin Dyason, consultora independente de gest\u00e3o de investiga\u00e7\u00e3o que apoia atividades espec\u00edficas&hellip;","_links":{"self":[{"href":"https:\/\/direcaocientifica.uem.mz\/index.php?rest_route=\/wp\/v2\/posts\/561","targetHints":{"allow":["GET"]}}],"collection":[{"href":"https:\/\/direcaocientifica.uem.mz\/index.php?rest_route=\/wp\/v2\/posts"}],"about":[{"href":"https:\/\/direcaocientifica.uem.mz\/index.php?rest_route=\/wp\/v2\/types\/post"}],"author":[{"embeddable":true,"href":"https:\/\/direcaocientifica.uem.mz\/index.php?rest_route=\/wp\/v2\/users\/2"}],"replies":[{"embeddable":true,"href":"https:\/\/direcaocientifica.uem.mz\/index.php?rest_route=%2Fwp%2Fv2%2Fcomments&post=561"}],"version-history":[{"count":0,"href":"https:\/\/direcaocientifica.uem.mz\/index.php?rest_route=\/wp\/v2\/posts\/561\/revisions"}],"wp:featuredmedia":[{"embeddable":true,"href":"https:\/\/direcaocientifica.uem.mz\/index.php?rest_route=\/wp\/v2\/media\/562"}],"wp:attachment":[{"href":"https:\/\/direcaocientifica.uem.mz\/index.php?rest_route=%2Fwp%2Fv2%2Fmedia&parent=561"}],"wp:term":[{"taxonomy":"category","embeddable":true,"href":"https:\/\/direcaocientifica.uem.mz\/index.php?rest_route=%2Fwp%2Fv2%2Fcategories&post=561"},{"taxonomy":"post_tag","embeddable":true,"href":"https:\/\/direcaocientifica.uem.mz\/index.php?rest_route=%2Fwp%2Fv2%2Ftags&post=561"}],"curies":[{"name":"wp","href":"https:\/\/api.w.org\/{rel}","templated":true}]}}