{"id":236,"date":"2024-08-07T09:17:11","date_gmt":"2024-08-07T09:17:11","guid":{"rendered":"https:\/\/dc.ghost.uem.mz\/?p=236"},"modified":"2024-08-07T09:17:11","modified_gmt":"2024-08-07T09:17:11","slug":"a-direccao-cientifica-consolida-o-seu-plano-de-fortalecimento-de-capacidades-no-ambito-do-projecto-sarima","status":"publish","type":"post","link":"https:\/\/direcaocientifica.uem.mz\/?p=236","title":{"rendered":"A Direc\u00e7\u00e3o Cient\u00edfica Consolida o Seu Plano de Fortalecimento de Capacidades no \u00c2mbito do Projecto SARIMA"},"content":{"rendered":"<p>Em reuni\u00e3o realizada no dia 7 de Agosto de 2024, no edif\u00edcio da reitoria, a Direc\u00e7\u00e3o Cient\u00edfica passou em revista o seu plano de trabalho para impulsionar a implementa\u00e7\u00e3o do projecto SARIMA em curso. A reuni\u00e3o que contou com a presen\u00e7a de todos os membros da direc\u00e7\u00e3o, enfatizou a necessidade de uma abordagem colaborativa e os seus benef\u00edcios para o projecto. Para uma melhor organiza\u00e7\u00e3o e visando um plano de monitoria mais din\u00e2mico, a mesma culminou com a indica\u00e7\u00e3o dos respons\u00e1veis individuais e de grupo para cada \u00e1rea de interven\u00e7\u00e3o constante do plano, e das directrizes de comunica\u00e7\u00e3o interna face aos desafios impostos.<\/p>\n","protected":false},"excerpt":{"rendered":"<p>Em reuni\u00e3o realizada no dia 7 de Agosto de 2024, no edif\u00edcio da reitoria, a Direc\u00e7\u00e3o Cient\u00edfica passou em revista o seu plano de trabalho para impulsionar a implementa\u00e7\u00e3o do projecto SARIMA em curso. A reuni\u00e3o que contou com a presen\u00e7a de todos os membros da direc\u00e7\u00e3o, enfatizou a necessidade de uma abordagem colaborativa e [&hellip;]<\/p>\n","protected":false},"author":4,"featured_media":237,"comment_status":"open","ping_status":"open","sticky":false,"template":"","format":"standard","meta":{"inline_featured_image":false,"site-sidebar-layout":"default","site-content-layout":"","ast-site-content-layout":"default","site-content-style":"default","site-sidebar-style":"default","ast-global-header-display":"","ast-banner-title-visibility":"","ast-main-header-display":"","ast-hfb-above-header-display":"","ast-hfb-below-header-display":"","ast-hfb-mobile-header-display":"","site-post-title":"","ast-breadcrumbs-content":"","ast-featured-img":"","footer-sml-layout":"","theme-transparent-header-meta":"default","adv-header-id-meta":"","stick-header-meta":"","header-above-stick-meta":"","header-main-stick-meta":"","header-below-stick-meta":"","astra-migrate-meta-layouts":"set","ast-page-background-enabled":"default","ast-page-background-meta":{"desktop":{"background-color":"var(--ast-global-color-5)","background-image":"","background-repeat":"repeat","background-position":"center center","background-size":"auto","background-attachment":"scroll","background-type":"","background-media":"","overlay-type":"","overlay-color":"","overlay-opacity":"","overlay-gradient":""},"tablet":{"background-color":"","background-image":"","background-repeat":"repeat","background-position":"center center","background-size":"auto","background-attachment":"scroll","background-type":"","background-media":"","overlay-type":"","overlay-color":"","overlay-opacity":"","overlay-gradient":""},"mobile":{"background-color":"","background-image":"","background-repeat":"repeat","background-position":"center center","background-size":"auto","background-attachment":"scroll","background-type":"","background-media":"","overlay-type":"","overlay-color":"","overlay-opacity":"","overlay-gradient":""}},"ast-content-background-meta":{"desktop":{"background-color":"var(--ast-global-color-4)","background-image":"","background-repeat":"repeat","background-position":"center center","background-size":"auto","background-attachment":"scroll","background-type":"","background-media":"","overlay-type":"","overlay-color":"","overlay-opacity":"","overlay-gradient":""},"tablet":{"background-color":"var(--ast-global-color-4)","background-image":"","background-repeat":"repeat","background-position":"center center","background-size":"auto","background-attachment":"scroll","background-type":"","background-media":"","overlay-type":"","overlay-color":"","overlay-opacity":"","overlay-gradient":""},"mobile":{"background-color":"var(--ast-global-color-4)","background-image":"","background-repeat":"repeat","background-position":"center center","background-size":"auto","background-attachment":"scroll","background-type":"","background-media":"","overlay-type":"","overlay-color":"","overlay-opacity":"","overlay-gradient":""}},"footnotes":""},"categories":[3],"tags":[],"class_list":["post-236","post","type-post","status-publish","format-standard","has-post-thumbnail","hentry","category-noticias"],"yoast_head":"<!-- This site is optimized with the Yoast SEO plugin v26.3 - https:\/\/yoast.com\/wordpress\/plugins\/seo\/ -->\n<title>A Direc\u00e7\u00e3o Cient\u00edfica Consolida o Seu Plano de Fortalecimento de Capacidades no \u00c2mbito do Projecto SARIMA<\/title>\n<meta name=\"description\" content=\"Em reuni\u00e3o realizada no dia 7 de Agosto de 2024, no edif\u00edcio da reitoria, a Direc\u00e7\u00e3o Cient\u00edfica passou em revista o seu plano de trabalho para impulsionar\" \/>\n<meta name=\"robots\" content=\"index, follow, max-snippet:-1, max-image-preview:large, max-video-preview:-1\" \/>\n<link rel=\"canonical\" href=\"https:\/\/direcaocientifica.uem.mz\/?p=236\" \/>\n<meta property=\"og:locale\" content=\"pt_PT\" \/>\n<meta property=\"og:type\" content=\"article\" \/>\n<meta property=\"og:title\" content=\"A Direc\u00e7\u00e3o Cient\u00edfica Consolida o Seu Plano de Fortalecimento de Capacidades no \u00c2mbito do Projecto SARIMA\" \/>\n<meta property=\"og:description\" content=\"Em reuni\u00e3o realizada no dia 7 de Agosto de 2024, no edif\u00edcio da reitoria, a Direc\u00e7\u00e3o Cient\u00edfica passou em revista o seu plano de trabalho para impulsionar\" \/>\n<meta property=\"og:url\" content=\"https:\/\/direcaocientifica.uem.mz\/?p=236\" \/>\n<meta property=\"og:site_name\" content=\"Direc\u00e7\u00e3o Cientifica\" \/>\n<meta property=\"article:published_time\" content=\"2024-08-07T09:17:11+00:00\" \/>\n<meta property=\"og:image\" content=\"https:\/\/direcaocientifica.uem.mz\/wp-content\/uploads\/2024\/09\/Evento-3-scaled-1.jpg\" \/>\n\t<meta property=\"og:image:width\" content=\"2560\" \/>\n\t<meta property=\"og:image:height\" content=\"1920\" \/>\n\t<meta property=\"og:image:type\" content=\"image\/jpeg\" \/>\n<meta name=\"author\" content=\"daneicha\" \/>\n<meta name=\"twitter:card\" content=\"summary_large_image\" \/>\n<meta name=\"twitter:label1\" content=\"Escrito por\" \/>\n\t<meta name=\"twitter:data1\" content=\"daneicha\" \/>\n\t<meta name=\"twitter:label2\" content=\"Tempo estimado de leitura\" \/>\n\t<meta name=\"twitter:data2\" content=\"1 minuto\" \/>\n<script type=\"application\/ld+json\" class=\"yoast-schema-graph\">{\"@context\":\"https:\/\/schema.org\",\"@graph\":[{\"@type\":\"WebPage\",\"@id\":\"https:\/\/direcaocientifica.uem.mz\/?p=236\",\"url\":\"https:\/\/direcaocientifica.uem.mz\/?p=236\",\"name\":\"A Direc\u00e7\u00e3o Cient\u00edfica Consolida o Seu Plano de Fortalecimento de Capacidades no \u00c2mbito do Projecto SARIMA\",\"isPartOf\":{\"@id\":\"https:\/\/direcaocientifica.uem.mz\/#website\"},\"primaryImageOfPage\":{\"@id\":\"https:\/\/direcaocientifica.uem.mz\/?p=236#primaryimage\"},\"image\":{\"@id\":\"https:\/\/direcaocientifica.uem.mz\/?p=236#primaryimage\"},\"thumbnailUrl\":\"https:\/\/direcaocientifica.uem.mz\/wp-content\/uploads\/2024\/09\/Evento-3-scaled-1.jpg\",\"datePublished\":\"2024-08-07T09:17:11+00:00\",\"author\":{\"@id\":\"https:\/\/direcaocientifica.uem.mz\/#\/schema\/person\/b6e0cefc6a572e7db8dd60394a780c04\"},\"description\":\"Em reuni\u00e3o realizada no dia 7 de Agosto de 2024, no edif\u00edcio da reitoria, a Direc\u00e7\u00e3o Cient\u00edfica passou em revista o seu plano de trabalho para impulsionar\",\"breadcrumb\":{\"@id\":\"https:\/\/direcaocientifica.uem.mz\/?p=236#breadcrumb\"},\"inLanguage\":\"pt-PT\",\"potentialAction\":[{\"@type\":\"ReadAction\",\"target\":[\"https:\/\/direcaocientifica.uem.mz\/?p=236\"]}]},{\"@type\":\"ImageObject\",\"inLanguage\":\"pt-PT\",\"@id\":\"https:\/\/direcaocientifica.uem.mz\/?p=236#primaryimage\",\"url\":\"https:\/\/direcaocientifica.uem.mz\/wp-content\/uploads\/2024\/09\/Evento-3-scaled-1.jpg\",\"contentUrl\":\"https:\/\/direcaocientifica.uem.mz\/wp-content\/uploads\/2024\/09\/Evento-3-scaled-1.jpg\",\"width\":2560,\"height\":1920},{\"@type\":\"BreadcrumbList\",\"@id\":\"https:\/\/direcaocientifica.uem.mz\/?p=236#breadcrumb\",\"itemListElement\":[{\"@type\":\"ListItem\",\"position\":1,\"name\":\"Home\",\"item\":\"https:\/\/direcaocientifica.uem.mz\/\"},{\"@type\":\"ListItem\",\"position\":2,\"name\":\"A Direc\u00e7\u00e3o Cient\u00edfica Consolida o Seu Plano de Fortalecimento de Capacidades no \u00c2mbito do Projecto SARIMA\"}]},{\"@type\":\"WebSite\",\"@id\":\"https:\/\/direcaocientifica.uem.mz\/#website\",\"url\":\"https:\/\/direcaocientifica.uem.mz\/\",\"name\":\"Direc\u00e7\u00e3o Cientifica\",\"description\":\"\",\"alternateName\":\"DC\",\"potentialAction\":[{\"@type\":\"SearchAction\",\"target\":{\"@type\":\"EntryPoint\",\"urlTemplate\":\"https:\/\/direcaocientifica.uem.mz\/?s={search_term_string}\"},\"query-input\":{\"@type\":\"PropertyValueSpecification\",\"valueRequired\":true,\"valueName\":\"search_term_string\"}}],\"inLanguage\":\"pt-PT\"},{\"@type\":\"Person\",\"@id\":\"https:\/\/direcaocientifica.uem.mz\/#\/schema\/person\/b6e0cefc6a572e7db8dd60394a780c04\",\"name\":\"daneicha\",\"image\":{\"@type\":\"ImageObject\",\"inLanguage\":\"pt-PT\",\"@id\":\"https:\/\/direcaocientifica.uem.mz\/#\/schema\/person\/image\/\",\"url\":\"https:\/\/secure.gravatar.com\/avatar\/5f7e77f26de1ff7f01d32809cb5ef5b298750afcfda211158376a7e52864338b?s=96&d=mm&r=g\",\"contentUrl\":\"https:\/\/secure.gravatar.com\/avatar\/5f7e77f26de1ff7f01d32809cb5ef5b298750afcfda211158376a7e52864338b?s=96&d=mm&r=g\",\"caption\":\"daneicha\"}}]}<\/script>\n<!-- \/ Yoast SEO plugin. -->","yoast_head_json":{"title":"A Direc\u00e7\u00e3o Cient\u00edfica Consolida o Seu Plano de Fortalecimento de Capacidades no \u00c2mbito do Projecto SARIMA","description":"Em reuni\u00e3o realizada no dia 7 de Agosto de 2024, no edif\u00edcio da reitoria, a Direc\u00e7\u00e3o Cient\u00edfica passou em revista o seu plano de trabalho para impulsionar","robots":{"index":"index","follow":"follow","max-snippet":"max-snippet:-1","max-image-preview":"max-image-preview:large","max-video-preview":"max-video-preview:-1"},"canonical":"https:\/\/direcaocientifica.uem.mz\/?p=236","og_locale":"pt_PT","og_type":"article","og_title":"A Direc\u00e7\u00e3o Cient\u00edfica Consolida o Seu Plano de Fortalecimento de Capacidades no \u00c2mbito do Projecto SARIMA","og_description":"Em reuni\u00e3o realizada no dia 7 de Agosto de 2024, no edif\u00edcio da reitoria, a Direc\u00e7\u00e3o Cient\u00edfica passou em revista o seu plano de trabalho para impulsionar","og_url":"https:\/\/direcaocientifica.uem.mz\/?p=236","og_site_name":"Direc\u00e7\u00e3o Cientifica","article_published_time":"2024-08-07T09:17:11+00:00","og_image":[{"width":2560,"height":1920,"url":"https:\/\/direcaocientifica.uem.mz\/wp-content\/uploads\/2024\/09\/Evento-3-scaled-1.jpg","type":"image\/jpeg"}],"author":"daneicha","twitter_card":"summary_large_image","twitter_misc":{"Escrito por":"daneicha","Tempo estimado de leitura":"1 minuto"},"schema":{"@context":"https:\/\/schema.org","@graph":[{"@type":"WebPage","@id":"https:\/\/direcaocientifica.uem.mz\/?p=236","url":"https:\/\/direcaocientifica.uem.mz\/?p=236","name":"A Direc\u00e7\u00e3o Cient\u00edfica Consolida o Seu Plano de Fortalecimento de Capacidades no \u00c2mbito do Projecto SARIMA","isPartOf":{"@id":"https:\/\/direcaocientifica.uem.mz\/#website"},"primaryImageOfPage":{"@id":"https:\/\/direcaocientifica.uem.mz\/?p=236#primaryimage"},"image":{"@id":"https:\/\/direcaocientifica.uem.mz\/?p=236#primaryimage"},"thumbnailUrl":"https:\/\/direcaocientifica.uem.mz\/wp-content\/uploads\/2024\/09\/Evento-3-scaled-1.jpg","datePublished":"2024-08-07T09:17:11+00:00","author":{"@id":"https:\/\/direcaocientifica.uem.mz\/#\/schema\/person\/b6e0cefc6a572e7db8dd60394a780c04"},"description":"Em reuni\u00e3o realizada no dia 7 de Agosto de 2024, no edif\u00edcio da reitoria, a Direc\u00e7\u00e3o Cient\u00edfica passou em revista o seu plano de trabalho para impulsionar","breadcrumb":{"@id":"https:\/\/direcaocientifica.uem.mz\/?p=236#breadcrumb"},"inLanguage":"pt-PT","potentialAction":[{"@type":"ReadAction","target":["https:\/\/direcaocientifica.uem.mz\/?p=236"]}]},{"@type":"ImageObject","inLanguage":"pt-PT","@id":"https:\/\/direcaocientifica.uem.mz\/?p=236#primaryimage","url":"https:\/\/direcaocientifica.uem.mz\/wp-content\/uploads\/2024\/09\/Evento-3-scaled-1.jpg","contentUrl":"https:\/\/direcaocientifica.uem.mz\/wp-content\/uploads\/2024\/09\/Evento-3-scaled-1.jpg","width":2560,"height":1920},{"@type":"BreadcrumbList","@id":"https:\/\/direcaocientifica.uem.mz\/?p=236#breadcrumb","itemListElement":[{"@type":"ListItem","position":1,"name":"Home","item":"https:\/\/direcaocientifica.uem.mz\/"},{"@type":"ListItem","position":2,"name":"A Direc\u00e7\u00e3o Cient\u00edfica Consolida o Seu Plano de Fortalecimento de Capacidades no \u00c2mbito do Projecto SARIMA"}]},{"@type":"WebSite","@id":"https:\/\/direcaocientifica.uem.mz\/#website","url":"https:\/\/direcaocientifica.uem.mz\/","name":"Direc\u00e7\u00e3o Cientifica","description":"","alternateName":"DC","potentialAction":[{"@type":"SearchAction","target":{"@type":"EntryPoint","urlTemplate":"https:\/\/direcaocientifica.uem.mz\/?s={search_term_string}"},"query-input":{"@type":"PropertyValueSpecification","valueRequired":true,"valueName":"search_term_string"}}],"inLanguage":"pt-PT"},{"@type":"Person","@id":"https:\/\/direcaocientifica.uem.mz\/#\/schema\/person\/b6e0cefc6a572e7db8dd60394a780c04","name":"daneicha","image":{"@type":"ImageObject","inLanguage":"pt-PT","@id":"https:\/\/direcaocientifica.uem.mz\/#\/schema\/person\/image\/","url":"https:\/\/secure.gravatar.com\/avatar\/5f7e77f26de1ff7f01d32809cb5ef5b298750afcfda211158376a7e52864338b?s=96&d=mm&r=g","contentUrl":"https:\/\/secure.gravatar.com\/avatar\/5f7e77f26de1ff7f01d32809cb5ef5b298750afcfda211158376a7e52864338b?s=96&d=mm&r=g","caption":"daneicha"}}]}},"rttpg_featured_image_url":{"full":["https:\/\/direcaocientifica.uem.mz\/wp-content\/uploads\/2024\/09\/Evento-3-scaled-1.jpg",2560,1920,false],"landscape":["https:\/\/direcaocientifica.uem.mz\/wp-content\/uploads\/2024\/09\/Evento-3-scaled-1.jpg",2560,1920,false],"portraits":["https:\/\/direcaocientifica.uem.mz\/wp-content\/uploads\/2024\/09\/Evento-3-scaled-1.jpg",2560,1920,false],"thumbnail":["https:\/\/direcaocientifica.uem.mz\/wp-content\/uploads\/2024\/09\/Evento-3-scaled-1-150x150.jpg",150,150,true],"medium":["https:\/\/direcaocientifica.uem.mz\/wp-content\/uploads\/2024\/09\/Evento-3-scaled-1-300x225.jpg",300,225,true],"large":["https:\/\/direcaocientifica.uem.mz\/wp-content\/uploads\/2024\/09\/Evento-3-scaled-1-1024x768.jpg",1024,768,true],"1536x1536":["https:\/\/direcaocientifica.uem.mz\/wp-content\/uploads\/2024\/09\/Evento-3-scaled-1-1536x1152.jpg",1536,1152,true],"2048x2048":["https:\/\/direcaocientifica.uem.mz\/wp-content\/uploads\/2024\/09\/Evento-3-scaled-1-2048x1536.jpg",2048,1536,true]},"rttpg_author":{"display_name":"daneicha","author_link":"https:\/\/direcaocientifica.uem.mz\/?author=4"},"rttpg_comment":0,"rttpg_category":"<a href=\"https:\/\/direcaocientifica.uem.mz\/?cat=3\" rel=\"category\">Noticias<\/a>","rttpg_excerpt":"Em reuni\u00e3o realizada no dia 7 de Agosto de 2024, no edif\u00edcio da reitoria, a Direc\u00e7\u00e3o Cient\u00edfica passou em revista o seu plano de trabalho para impulsionar a implementa\u00e7\u00e3o do projecto SARIMA em curso. A reuni\u00e3o que contou com a presen\u00e7a de todos os membros da direc\u00e7\u00e3o, enfatizou a necessidade de uma abordagem colaborativa e&hellip;","_links":{"self":[{"href":"https:\/\/direcaocientifica.uem.mz\/index.php?rest_route=\/wp\/v2\/posts\/236","targetHints":{"allow":["GET"]}}],"collection":[{"href":"https:\/\/direcaocientifica.uem.mz\/index.php?rest_route=\/wp\/v2\/posts"}],"about":[{"href":"https:\/\/direcaocientifica.uem.mz\/index.php?rest_route=\/wp\/v2\/types\/post"}],"author":[{"embeddable":true,"href":"https:\/\/direcaocientifica.uem.mz\/index.php?rest_route=\/wp\/v2\/users\/4"}],"replies":[{"embeddable":true,"href":"https:\/\/direcaocientifica.uem.mz\/index.php?rest_route=%2Fwp%2Fv2%2Fcomments&post=236"}],"version-history":[{"count":0,"href":"https:\/\/direcaocientifica.uem.mz\/index.php?rest_route=\/wp\/v2\/posts\/236\/revisions"}],"wp:featuredmedia":[{"embeddable":true,"href":"https:\/\/direcaocientifica.uem.mz\/index.php?rest_route=\/wp\/v2\/media\/237"}],"wp:attachment":[{"href":"https:\/\/direcaocientifica.uem.mz\/index.php?rest_route=%2Fwp%2Fv2%2Fmedia&parent=236"}],"wp:term":[{"taxonomy":"category","embeddable":true,"href":"https:\/\/direcaocientifica.uem.mz\/index.php?rest_route=%2Fwp%2Fv2%2Fcategories&post=236"},{"taxonomy":"post_tag","embeddable":true,"href":"https:\/\/direcaocientifica.uem.mz\/index.php?rest_route=%2Fwp%2Fv2%2Ftags&post=236"}],"curies":[{"name":"wp","href":"https:\/\/api.w.org\/{rel}","templated":true}]}}