{"id":222,"date":"2024-07-02T08:56:24","date_gmt":"2024-07-02T08:56:24","guid":{"rendered":"https:\/\/dc.ghost.uem.mz\/?p=222"},"modified":"2024-07-02T08:56:24","modified_gmt":"2024-07-02T08:56:24","slug":"a-participacao-da-mulher-nos-orgaos-colegiais-e-de-gestao-na-uem-oportunidades-e-desafios","status":"publish","type":"post","link":"https:\/\/direcaocientifica.uem.mz\/?p=222","title":{"rendered":"A Participa\u00e7\u00e3o da Mulher nos \u00d3rg\u00e3os Colegiais e de Gest\u00e3o na UEM: Oportunidades e Desafios"},"content":{"rendered":"<p>A Direc\u00e7\u00e3o Cient\u00edfica facilitou, no dia 2 de Julho de 2024, a mesa redonda com o tema <em>A Participa\u00e7\u00e3o da Mulher nos \u00d3rg\u00e3os Colegiais e de Gest\u00e3o na UEM: Oportunidades e Desafios. <\/em>Moderada pelo Director Cient\u00edfico, Prof. Doutor Em\u00edlio Tost\u00e3o, o debate contou com a presen\u00e7a de quatro oradoras, nomeadamente a Profa. Doutora D\u00e1cia Correia, Profa. Doutora Cesaltina Tchamo, Profa. Doutora Julieta Langa e Profa. Doutora Nilsa Xerinda, e com a participa\u00e7\u00e3o da comunidade acad\u00e9mica da universidade.<\/p>\n","protected":false},"excerpt":{"rendered":"<p>A Direc\u00e7\u00e3o Cient\u00edfica facilitou, no dia 2 de Julho de 2024, a mesa redonda com o tema A Participa\u00e7\u00e3o da Mulher nos \u00d3rg\u00e3os Colegiais e de Gest\u00e3o na UEM: Oportunidades e Desafios. Moderada pelo Director Cient\u00edfico, Prof. Doutor Em\u00edlio Tost\u00e3o, o debate contou com a presen\u00e7a de quatro oradoras, nomeadamente a Profa. Doutora D\u00e1cia Correia, [&hellip;]<\/p>\n","protected":false},"author":4,"featured_media":223,"comment_status":"open","ping_status":"open","sticky":false,"template":"","format":"standard","meta":{"inline_featured_image":false,"site-sidebar-layout":"default","site-content-layout":"","ast-site-content-layout":"default","site-content-style":"default","site-sidebar-style":"default","ast-global-header-display":"","ast-banner-title-visibility":"","ast-main-header-display":"","ast-hfb-above-header-display":"","ast-hfb-below-header-display":"","ast-hfb-mobile-header-display":"","site-post-title":"","ast-breadcrumbs-content":"","ast-featured-img":"","footer-sml-layout":"","theme-transparent-header-meta":"default","adv-header-id-meta":"","stick-header-meta":"","header-above-stick-meta":"","header-main-stick-meta":"","header-below-stick-meta":"","astra-migrate-meta-layouts":"set","ast-page-background-enabled":"default","ast-page-background-meta":{"desktop":{"background-color":"var(--ast-global-color-5)","background-image":"","background-repeat":"repeat","background-position":"center center","background-size":"auto","background-attachment":"scroll","background-type":"","background-media":"","overlay-type":"","overlay-color":"","overlay-opacity":"","overlay-gradient":""},"tablet":{"background-color":"","background-image":"","background-repeat":"repeat","background-position":"center center","background-size":"auto","background-attachment":"scroll","background-type":"","background-media":"","overlay-type":"","overlay-color":"","overlay-opacity":"","overlay-gradient":""},"mobile":{"background-color":"","background-image":"","background-repeat":"repeat","background-position":"center center","background-size":"auto","background-attachment":"scroll","background-type":"","background-media":"","overlay-type":"","overlay-color":"","overlay-opacity":"","overlay-gradient":""}},"ast-content-background-meta":{"desktop":{"background-color":"var(--ast-global-color-4)","background-image":"","background-repeat":"repeat","background-position":"center center","background-size":"auto","background-attachment":"scroll","background-type":"","background-media":"","overlay-type":"","overlay-color":"","overlay-opacity":"","overlay-gradient":""},"tablet":{"background-color":"var(--ast-global-color-4)","background-image":"","background-repeat":"repeat","background-position":"center center","background-size":"auto","background-attachment":"scroll","background-type":"","background-media":"","overlay-type":"","overlay-color":"","overlay-opacity":"","overlay-gradient":""},"mobile":{"background-color":"var(--ast-global-color-4)","background-image":"","background-repeat":"repeat","background-position":"center center","background-size":"auto","background-attachment":"scroll","background-type":"","background-media":"","overlay-type":"","overlay-color":"","overlay-opacity":"","overlay-gradient":""}},"footnotes":""},"categories":[3],"tags":[],"class_list":["post-222","post","type-post","status-publish","format-standard","has-post-thumbnail","hentry","category-noticias"],"yoast_head":"<!-- This site is optimized with the Yoast SEO plugin v26.3 - https:\/\/yoast.com\/wordpress\/plugins\/seo\/ -->\n<title>A Participa\u00e7\u00e3o da Mulher nos \u00d3rg\u00e3os Colegiais e de Gest\u00e3o na UEM: Oportunidades e Desafios<\/title>\n<meta name=\"description\" content=\"A Direc\u00e7\u00e3o Cient\u00edfica facilitou, no dia 2 de Julho de 2024, a mesa redonda com o tema A Participa\u00e7\u00e3o da Mulher nos \u00d3rg\u00e3os Colegiais e de Gest\u00e3o na UEM:\" \/>\n<meta name=\"robots\" content=\"index, follow, max-snippet:-1, max-image-preview:large, max-video-preview:-1\" \/>\n<link rel=\"canonical\" href=\"https:\/\/direcaocientifica.uem.mz\/?p=222\" \/>\n<meta property=\"og:locale\" content=\"pt_PT\" \/>\n<meta property=\"og:type\" content=\"article\" \/>\n<meta property=\"og:title\" content=\"A Participa\u00e7\u00e3o da Mulher nos \u00d3rg\u00e3os Colegiais e de Gest\u00e3o na UEM: Oportunidades e Desafios\" \/>\n<meta property=\"og:description\" content=\"A Direc\u00e7\u00e3o Cient\u00edfica facilitou, no dia 2 de Julho de 2024, a mesa redonda com o tema A Participa\u00e7\u00e3o da Mulher nos \u00d3rg\u00e3os Colegiais e de Gest\u00e3o na UEM:\" \/>\n<meta property=\"og:url\" content=\"https:\/\/direcaocientifica.uem.mz\/?p=222\" \/>\n<meta property=\"og:site_name\" content=\"Direc\u00e7\u00e3o Cientifica\" \/>\n<meta property=\"article:published_time\" content=\"2024-07-02T08:56:24+00:00\" \/>\n<meta property=\"og:image\" content=\"https:\/\/direcaocientifica.uem.mz\/wp-content\/uploads\/2024\/09\/Evento-1.jpg\" \/>\n\t<meta property=\"og:image:width\" content=\"1080\" \/>\n\t<meta property=\"og:image:height\" content=\"1528\" \/>\n\t<meta property=\"og:image:type\" content=\"image\/jpeg\" \/>\n<meta name=\"author\" content=\"daneicha\" \/>\n<meta name=\"twitter:card\" content=\"summary_large_image\" \/>\n<meta name=\"twitter:label1\" content=\"Escrito por\" \/>\n\t<meta name=\"twitter:data1\" content=\"daneicha\" \/>\n<script type=\"application\/ld+json\" class=\"yoast-schema-graph\">{\"@context\":\"https:\/\/schema.org\",\"@graph\":[{\"@type\":\"WebPage\",\"@id\":\"https:\/\/direcaocientifica.uem.mz\/?p=222\",\"url\":\"https:\/\/direcaocientifica.uem.mz\/?p=222\",\"name\":\"A Participa\u00e7\u00e3o da Mulher nos \u00d3rg\u00e3os Colegiais e de Gest\u00e3o na UEM: Oportunidades e Desafios\",\"isPartOf\":{\"@id\":\"https:\/\/direcaocientifica.uem.mz\/#website\"},\"primaryImageOfPage\":{\"@id\":\"https:\/\/direcaocientifica.uem.mz\/?p=222#primaryimage\"},\"image\":{\"@id\":\"https:\/\/direcaocientifica.uem.mz\/?p=222#primaryimage\"},\"thumbnailUrl\":\"https:\/\/direcaocientifica.uem.mz\/wp-content\/uploads\/2024\/09\/Evento-1.jpg\",\"datePublished\":\"2024-07-02T08:56:24+00:00\",\"author\":{\"@id\":\"https:\/\/direcaocientifica.uem.mz\/#\/schema\/person\/b6e0cefc6a572e7db8dd60394a780c04\"},\"description\":\"A Direc\u00e7\u00e3o Cient\u00edfica facilitou, no dia 2 de Julho de 2024, a mesa redonda com o tema A Participa\u00e7\u00e3o da Mulher nos \u00d3rg\u00e3os Colegiais e de Gest\u00e3o na UEM:\",\"breadcrumb\":{\"@id\":\"https:\/\/direcaocientifica.uem.mz\/?p=222#breadcrumb\"},\"inLanguage\":\"pt-PT\",\"potentialAction\":[{\"@type\":\"ReadAction\",\"target\":[\"https:\/\/direcaocientifica.uem.mz\/?p=222\"]}]},{\"@type\":\"ImageObject\",\"inLanguage\":\"pt-PT\",\"@id\":\"https:\/\/direcaocientifica.uem.mz\/?p=222#primaryimage\",\"url\":\"https:\/\/direcaocientifica.uem.mz\/wp-content\/uploads\/2024\/09\/Evento-1.jpg\",\"contentUrl\":\"https:\/\/direcaocientifica.uem.mz\/wp-content\/uploads\/2024\/09\/Evento-1.jpg\",\"width\":1080,\"height\":1528},{\"@type\":\"BreadcrumbList\",\"@id\":\"https:\/\/direcaocientifica.uem.mz\/?p=222#breadcrumb\",\"itemListElement\":[{\"@type\":\"ListItem\",\"position\":1,\"name\":\"Home\",\"item\":\"https:\/\/direcaocientifica.uem.mz\/\"},{\"@type\":\"ListItem\",\"position\":2,\"name\":\"A Participa\u00e7\u00e3o da Mulher nos \u00d3rg\u00e3os Colegiais e de Gest\u00e3o na UEM: Oportunidades e Desafios\"}]},{\"@type\":\"WebSite\",\"@id\":\"https:\/\/direcaocientifica.uem.mz\/#website\",\"url\":\"https:\/\/direcaocientifica.uem.mz\/\",\"name\":\"Direc\u00e7\u00e3o Cientifica\",\"description\":\"\",\"alternateName\":\"DC\",\"potentialAction\":[{\"@type\":\"SearchAction\",\"target\":{\"@type\":\"EntryPoint\",\"urlTemplate\":\"https:\/\/direcaocientifica.uem.mz\/?s={search_term_string}\"},\"query-input\":{\"@type\":\"PropertyValueSpecification\",\"valueRequired\":true,\"valueName\":\"search_term_string\"}}],\"inLanguage\":\"pt-PT\"},{\"@type\":\"Person\",\"@id\":\"https:\/\/direcaocientifica.uem.mz\/#\/schema\/person\/b6e0cefc6a572e7db8dd60394a780c04\",\"name\":\"daneicha\",\"image\":{\"@type\":\"ImageObject\",\"inLanguage\":\"pt-PT\",\"@id\":\"https:\/\/direcaocientifica.uem.mz\/#\/schema\/person\/image\/\",\"url\":\"https:\/\/secure.gravatar.com\/avatar\/5f7e77f26de1ff7f01d32809cb5ef5b298750afcfda211158376a7e52864338b?s=96&d=mm&r=g\",\"contentUrl\":\"https:\/\/secure.gravatar.com\/avatar\/5f7e77f26de1ff7f01d32809cb5ef5b298750afcfda211158376a7e52864338b?s=96&d=mm&r=g\",\"caption\":\"daneicha\"}}]}<\/script>\n<!-- \/ Yoast SEO plugin. -->","yoast_head_json":{"title":"A Participa\u00e7\u00e3o da Mulher nos \u00d3rg\u00e3os Colegiais e de Gest\u00e3o na UEM: Oportunidades e Desafios","description":"A Direc\u00e7\u00e3o Cient\u00edfica facilitou, no dia 2 de Julho de 2024, a mesa redonda com o tema A Participa\u00e7\u00e3o da Mulher nos \u00d3rg\u00e3os Colegiais e de Gest\u00e3o na UEM:","robots":{"index":"index","follow":"follow","max-snippet":"max-snippet:-1","max-image-preview":"max-image-preview:large","max-video-preview":"max-video-preview:-1"},"canonical":"https:\/\/direcaocientifica.uem.mz\/?p=222","og_locale":"pt_PT","og_type":"article","og_title":"A Participa\u00e7\u00e3o da Mulher nos \u00d3rg\u00e3os Colegiais e de Gest\u00e3o na UEM: Oportunidades e Desafios","og_description":"A Direc\u00e7\u00e3o Cient\u00edfica facilitou, no dia 2 de Julho de 2024, a mesa redonda com o tema A Participa\u00e7\u00e3o da Mulher nos \u00d3rg\u00e3os Colegiais e de Gest\u00e3o na UEM:","og_url":"https:\/\/direcaocientifica.uem.mz\/?p=222","og_site_name":"Direc\u00e7\u00e3o Cientifica","article_published_time":"2024-07-02T08:56:24+00:00","og_image":[{"width":1080,"height":1528,"url":"https:\/\/direcaocientifica.uem.mz\/wp-content\/uploads\/2024\/09\/Evento-1.jpg","type":"image\/jpeg"}],"author":"daneicha","twitter_card":"summary_large_image","twitter_misc":{"Escrito por":"daneicha"},"schema":{"@context":"https:\/\/schema.org","@graph":[{"@type":"WebPage","@id":"https:\/\/direcaocientifica.uem.mz\/?p=222","url":"https:\/\/direcaocientifica.uem.mz\/?p=222","name":"A Participa\u00e7\u00e3o da Mulher nos \u00d3rg\u00e3os Colegiais e de Gest\u00e3o na UEM: Oportunidades e Desafios","isPartOf":{"@id":"https:\/\/direcaocientifica.uem.mz\/#website"},"primaryImageOfPage":{"@id":"https:\/\/direcaocientifica.uem.mz\/?p=222#primaryimage"},"image":{"@id":"https:\/\/direcaocientifica.uem.mz\/?p=222#primaryimage"},"thumbnailUrl":"https:\/\/direcaocientifica.uem.mz\/wp-content\/uploads\/2024\/09\/Evento-1.jpg","datePublished":"2024-07-02T08:56:24+00:00","author":{"@id":"https:\/\/direcaocientifica.uem.mz\/#\/schema\/person\/b6e0cefc6a572e7db8dd60394a780c04"},"description":"A Direc\u00e7\u00e3o Cient\u00edfica facilitou, no dia 2 de Julho de 2024, a mesa redonda com o tema A Participa\u00e7\u00e3o da Mulher nos \u00d3rg\u00e3os Colegiais e de Gest\u00e3o na UEM:","breadcrumb":{"@id":"https:\/\/direcaocientifica.uem.mz\/?p=222#breadcrumb"},"inLanguage":"pt-PT","potentialAction":[{"@type":"ReadAction","target":["https:\/\/direcaocientifica.uem.mz\/?p=222"]}]},{"@type":"ImageObject","inLanguage":"pt-PT","@id":"https:\/\/direcaocientifica.uem.mz\/?p=222#primaryimage","url":"https:\/\/direcaocientifica.uem.mz\/wp-content\/uploads\/2024\/09\/Evento-1.jpg","contentUrl":"https:\/\/direcaocientifica.uem.mz\/wp-content\/uploads\/2024\/09\/Evento-1.jpg","width":1080,"height":1528},{"@type":"BreadcrumbList","@id":"https:\/\/direcaocientifica.uem.mz\/?p=222#breadcrumb","itemListElement":[{"@type":"ListItem","position":1,"name":"Home","item":"https:\/\/direcaocientifica.uem.mz\/"},{"@type":"ListItem","position":2,"name":"A Participa\u00e7\u00e3o da Mulher nos \u00d3rg\u00e3os Colegiais e de Gest\u00e3o na UEM: Oportunidades e Desafios"}]},{"@type":"WebSite","@id":"https:\/\/direcaocientifica.uem.mz\/#website","url":"https:\/\/direcaocientifica.uem.mz\/","name":"Direc\u00e7\u00e3o Cientifica","description":"","alternateName":"DC","potentialAction":[{"@type":"SearchAction","target":{"@type":"EntryPoint","urlTemplate":"https:\/\/direcaocientifica.uem.mz\/?s={search_term_string}"},"query-input":{"@type":"PropertyValueSpecification","valueRequired":true,"valueName":"search_term_string"}}],"inLanguage":"pt-PT"},{"@type":"Person","@id":"https:\/\/direcaocientifica.uem.mz\/#\/schema\/person\/b6e0cefc6a572e7db8dd60394a780c04","name":"daneicha","image":{"@type":"ImageObject","inLanguage":"pt-PT","@id":"https:\/\/direcaocientifica.uem.mz\/#\/schema\/person\/image\/","url":"https:\/\/secure.gravatar.com\/avatar\/5f7e77f26de1ff7f01d32809cb5ef5b298750afcfda211158376a7e52864338b?s=96&d=mm&r=g","contentUrl":"https:\/\/secure.gravatar.com\/avatar\/5f7e77f26de1ff7f01d32809cb5ef5b298750afcfda211158376a7e52864338b?s=96&d=mm&r=g","caption":"daneicha"}}]}},"rttpg_featured_image_url":{"full":["https:\/\/direcaocientifica.uem.mz\/wp-content\/uploads\/2024\/09\/Evento-1.jpg",1080,1528,false],"landscape":["https:\/\/direcaocientifica.uem.mz\/wp-content\/uploads\/2024\/09\/Evento-1.jpg",1080,1528,false],"portraits":["https:\/\/direcaocientifica.uem.mz\/wp-content\/uploads\/2024\/09\/Evento-1.jpg",1080,1528,false],"thumbnail":["https:\/\/direcaocientifica.uem.mz\/wp-content\/uploads\/2024\/09\/Evento-1-150x150.jpg",150,150,true],"medium":["https:\/\/direcaocientifica.uem.mz\/wp-content\/uploads\/2024\/09\/Evento-1-212x300.jpg",212,300,true],"large":["https:\/\/direcaocientifica.uem.mz\/wp-content\/uploads\/2024\/09\/Evento-1-724x1024.jpg",724,1024,true],"1536x1536":["https:\/\/direcaocientifica.uem.mz\/wp-content\/uploads\/2024\/09\/Evento-1.jpg",1080,1528,false],"2048x2048":["https:\/\/direcaocientifica.uem.mz\/wp-content\/uploads\/2024\/09\/Evento-1.jpg",1080,1528,false]},"rttpg_author":{"display_name":"daneicha","author_link":"https:\/\/direcaocientifica.uem.mz\/?author=4"},"rttpg_comment":0,"rttpg_category":"<a href=\"https:\/\/direcaocientifica.uem.mz\/?cat=3\" rel=\"category\">Noticias<\/a>","rttpg_excerpt":"A Direc\u00e7\u00e3o Cient\u00edfica facilitou, no dia 2 de Julho de 2024, a mesa redonda com o tema A Participa\u00e7\u00e3o da Mulher nos \u00d3rg\u00e3os Colegiais e de Gest\u00e3o na UEM: Oportunidades e Desafios. Moderada pelo Director Cient\u00edfico, Prof. Doutor Em\u00edlio Tost\u00e3o, o debate contou com a presen\u00e7a de quatro oradoras, nomeadamente a Profa. Doutora D\u00e1cia Correia,&hellip;","_links":{"self":[{"href":"https:\/\/direcaocientifica.uem.mz\/index.php?rest_route=\/wp\/v2\/posts\/222","targetHints":{"allow":["GET"]}}],"collection":[{"href":"https:\/\/direcaocientifica.uem.mz\/index.php?rest_route=\/wp\/v2\/posts"}],"about":[{"href":"https:\/\/direcaocientifica.uem.mz\/index.php?rest_route=\/wp\/v2\/types\/post"}],"author":[{"embeddable":true,"href":"https:\/\/direcaocientifica.uem.mz\/index.php?rest_route=\/wp\/v2\/users\/4"}],"replies":[{"embeddable":true,"href":"https:\/\/direcaocientifica.uem.mz\/index.php?rest_route=%2Fwp%2Fv2%2Fcomments&post=222"}],"version-history":[{"count":0,"href":"https:\/\/direcaocientifica.uem.mz\/index.php?rest_route=\/wp\/v2\/posts\/222\/revisions"}],"wp:featuredmedia":[{"embeddable":true,"href":"https:\/\/direcaocientifica.uem.mz\/index.php?rest_route=\/wp\/v2\/media\/223"}],"wp:attachment":[{"href":"https:\/\/direcaocientifica.uem.mz\/index.php?rest_route=%2Fwp%2Fv2%2Fmedia&parent=222"}],"wp:term":[{"taxonomy":"category","embeddable":true,"href":"https:\/\/direcaocientifica.uem.mz\/index.php?rest_route=%2Fwp%2Fv2%2Fcategories&post=222"},{"taxonomy":"post_tag","embeddable":true,"href":"https:\/\/direcaocientifica.uem.mz\/index.php?rest_route=%2Fwp%2Fv2%2Ftags&post=222"}],"curies":[{"name":"wp","href":"https:\/\/api.w.org\/{rel}","templated":true}]}}