{"id":2129,"date":"2025-11-17T10:07:05","date_gmt":"2025-11-17T10:07:05","guid":{"rendered":"https:\/\/direcaocientifica.uem.mz\/?p=2129"},"modified":"2025-11-18T06:58:53","modified_gmt":"2025-11-18T06:58:53","slug":"uem-e-fiocruz-esbocam-estrategias-para-a-formalizacao-do-sistema-de-gestao-e-partilha-de-laboratorios-na-uem","status":"publish","type":"post","link":"https:\/\/direcaocientifica.uem.mz\/?p=2129","title":{"rendered":"UEM e Fiocruz esbo\u00e7am estrat\u00e9gias para a formaliza\u00e7\u00e3o do sistema de gest\u00e3o e partilha de laborat\u00f3rios na UEM"},"content":{"rendered":"\t\t<div data-elementor-type=\"wp-post\" data-elementor-id=\"2129\" class=\"elementor elementor-2129\">\n\t\t\t\t<div class=\"elementor-element elementor-element-340ed64 e-flex e-con-boxed e-con e-parent\" data-id=\"340ed64\" data-element_type=\"container\">\n\t\t\t\t\t<div class=\"e-con-inner\">\n\t\t\t\t<div class=\"elementor-element elementor-element-0ac7be7 elementor-widget elementor-widget-text-editor\" data-id=\"0ac7be7\" data-element_type=\"widget\" data-widget_type=\"text-editor.default\">\n\t\t\t\t<div class=\"elementor-widget-container\">\n\t\t\t\t\t\t\t\t\t<p>A UEM acolheu, no dia 6 de Novembro de 2025, um semin\u00e1rio dedicado \u00e0 sensibiliza\u00e7\u00e3o para a partilha de laborat\u00f3rios entre as unidades acad\u00e9micas da UEM e entre estas e comunidade cient\u00edfica e empresarial externa, numa iniciativa conduzida pela Direc\u00e7\u00e3o Cient\u00edfica em parceria com a Funda\u00e7\u00e3o Oswaldo Cruz (Fiocruz) do Brasil. A actividade faz parte de um processo mais amplo que inclui o aprimoramento do gui\u00e3o de gest\u00e3o e partilha dos laborat\u00f3rios em elabora\u00e7\u00e3o, o refor\u00e7o das capacidades t\u00e9cnicas e a defini\u00e7\u00e3o do plano de implementa\u00e7\u00e3o do projecto-piloto que abrange seis laborat\u00f3rios, nomeadamente os laborat\u00f3rios de Engenharia de Alimentos da Faculdade de Engenharia, Laborat\u00f3rio de Tecnologia de Alimentos da Faculdade de Veterin\u00e1ria, Laborat\u00f3rio de Ecologia Marinha e Aqu\u00e1tica e Laborat\u00f3rio Central de Qu\u00edmica da Faculdade de Ci\u00eancias, Laborat\u00f3rio de Solos da Faculdade de Agronomia e Engenharia Florestal e Laborat\u00f3rio do Centro de Biotecnologia.<\/p>\n<p>O evento que decorreu no campus principal da UEM, contou com a presen\u00e7a da Vice-Reitora Acad\u00e9mica, Profa. Doutora Am\u00e1lia Uamusse, a quem coube a abertura. Na sua interven\u00e7\u00e3o, a dirigente, que tamb\u00e9m \u00e9 detentora de conhecimentos sobre gest\u00e3o e partilha de laborat\u00f3rios, enalteceu a iniciativa mostrando-se bastante interessada em ver os resultados do encontro a serem implementados na UEM, numa altura em que decorrem diferentes iniciativas que visam a reestrutura\u00e7\u00e3o e consolida\u00e7\u00e3o da UEM como universidade de investiga\u00e7\u00e3o. Tal como referiu a dirigente: &nbsp;<em>\u201cA gest\u00e3o de infraestruturas de investiga\u00e7\u00e3o constitui, actualmente, um dos pilares fundamentais para o fortalecimento da capacidade cient\u00edfica das universidades com objectivos similares aos nossos, nomeadamente a intensifica\u00e7\u00e3o da produ\u00e7\u00e3o cient\u00edfica e a consolida\u00e7\u00e3o do estatuto de universidade de investiga\u00e7\u00e3o\u201d.<\/em><\/p>\n<p>Dirigido pelos mentores da Fiocruz, Profa C\u00e1ssia Pereira e Prof. Wim Degrave, o semin\u00e1rio juntou os Directores-Adjuntos para Investiga\u00e7\u00e3o e Extens\u00e3o de todas as unidades acad\u00e9micas da UEM, os t\u00e9cnicos dos laborat\u00f3rios, e os representantes dos seis laborat\u00f3rios seleccionados para o projecto-piloto de implementa\u00e7\u00e3o da rede de partilha. Na ocasi\u00e3o, os mentores apresentaram o modelo de infraestrutura de investiga\u00e7\u00e3o partilhada j\u00e1 em funcionamento na Fiocruz. A rede permite que diferentes institui\u00e7\u00f5es acedam a laborat\u00f3rios e equipamentos mediante registo e agendamento pr\u00e9vios. Segundo Profa. C\u00e1ssia Pereira, o sistema de partilha tem sido fundamental para o desenvolvimento da ci\u00eancia brasileira: <em>\u201cPara n\u00f3s, \u00e9 essencial acelerar o processo de investiga\u00e7\u00e3o, avan\u00e7ar na ci\u00eancia e garantir a independ\u00eancia tecnol\u00f3gica do pa\u00eds\u201d<\/em>, explicou.<\/p>\n<p>A experi\u00eancia despertou interesse entre os t\u00e9cnicos e investigadores mo\u00e7ambicanos, que consideraram o modelo inovador e adapt\u00e1vel \u00e0 realidade nacional, especialmente no contexto de escassez de recursos e necessidade de manuten\u00e7\u00e3o de equipamentos especializados. O chefe dos laborat\u00f3rios do Departamento de Engenharia Qu\u00edmica da UEM, Adolfo Conde, destacou que a UEM enfrenta desafios, principalmente na manuten\u00e7\u00e3o de equipamentos e na sustentabilidade das equipas t\u00e9cnicas. Para ele, a partilha de infraestruturas pode ser um caminho eficaz para contornar estas dificuldades: <em>\u201cUm dos problemas que temos tido \u00e9 o acesso a alguns equipamentos. Com este sistema, podemos recorrer a outros laborat\u00f3rios dentro da rede, o que traz maior robustez e ajuda a colmatar lacunas antigas\u201d,<\/em> afirmou.<\/p>\n<p>Os participantes tamb\u00e9m salientaram que o novo sistema facilita o financiamento de manuten\u00e7\u00f5es e permite gerar receitas com a presta\u00e7\u00e3o de servi\u00e7os a outras institui\u00e7\u00f5es e ind\u00fastrias, pois quando os equipamentos est\u00e3o a funcionar em pleno, pode-se oferecer servi\u00e7os e garantir a pr\u00f3pria gest\u00e3o dos laborat\u00f3rios. Com esta iniciativa v\u00e1rios problemas ser\u00e3o minimizados.<\/p>\n<p>Para os representantes da FioCruz, o semin\u00e1rio foi uma oportunidade de aprendizagem rec\u00edproca. Apesar da experi\u00eancia acumulada no Brasil, reconheceram que as visitas e discuss\u00f5es com a equipa mo\u00e7ambicana trouxeram novos ensinamentos. A comitiva brasileira destacou ainda que os problemas enfrentados na investiga\u00e7\u00e3o cient\u00edfica s\u00e3o desafios globais, que exigem respostas locais adaptadas a cada contexto: <em>\u201cA li\u00e7\u00e3o principal \u00e9 que os desafios n\u00e3o s\u00e3o apenas da UEM ou de Mo\u00e7ambique, mas de todo o mundo. O importante \u00e9 saber como lidar localmente e aprender uns com os outros\u201d<\/em>, concluiu C\u00e1ssia Pereira.<\/p>\n<p>O semin\u00e1rio terminou com um balan\u00e7o positivo e o compromisso de aprofundar a coopera\u00e7\u00e3o cient\u00edfica entre a UEM e a FioCruz. Na sua interven\u00e7\u00e3o, na qualidade de gestor do \u00f3rg\u00e3o organizador do evento, o Director Cient\u00edfico, Prof. Doutor Em\u00edlio Tost\u00e3o, agradeceu a presen\u00e7a e colabora\u00e7\u00e3o de todos e afirmou que as duas institui\u00e7\u00f5es continuar\u00e3o a partilhar conhecimento e experi\u00eancias, com vista a fortalecer a investiga\u00e7\u00e3o, a inova\u00e7\u00e3o e o desenvolvimento tecnol\u00f3gico em Mo\u00e7ambique.<\/p>\n<p><\/p>\n<p>Por: <i>N\u00e9lcia Machaieie e Uaite Primeiro<\/i><\/p>\t\t\t\t\t\t\t\t<\/div>\n\t\t\t\t<\/div>\n\t\t\t\t\t<\/div>\n\t\t\t\t<\/div>\n\t\t<div class=\"elementor-element elementor-element-02c43a3 e-grid e-con-boxed e-con e-parent\" data-id=\"02c43a3\" data-element_type=\"container\">\n\t\t\t\t\t<div class=\"e-con-inner\">\n\t\t\t\t<div class=\"elementor-element elementor-element-0e25262 elementor-widget elementor-widget-image\" data-id=\"0e25262\" data-element_type=\"widget\" data-widget_type=\"image.default\">\n\t\t\t\t<div class=\"elementor-widget-container\">\n\t\t\t\t\t\t\t\t\t\t\t\t\t\t\t<img fetchpriority=\"high\" decoding=\"async\" width=\"1024\" height=\"768\" src=\"https:\/\/direcaocientifica.uem.mz\/wp-content\/uploads\/2025\/11\/SEMINAR-3-1024x768.jpeg\" class=\"attachment-large size-large wp-image-2133\" alt=\"\" srcset=\"https:\/\/direcaocientifica.uem.mz\/wp-content\/uploads\/2025\/11\/SEMINAR-3-1024x768.jpeg 1024w, https:\/\/direcaocientifica.uem.mz\/wp-content\/uploads\/2025\/11\/SEMINAR-3-300x225.jpeg 300w, https:\/\/direcaocientifica.uem.mz\/wp-content\/uploads\/2025\/11\/SEMINAR-3-768x576.jpeg 768w, https:\/\/direcaocientifica.uem.mz\/wp-content\/uploads\/2025\/11\/SEMINAR-3.jpeg 1280w\" sizes=\"(max-width: 1024px) 100vw, 1024px\" \/>\t\t\t\t\t\t\t\t\t\t\t\t\t\t\t<\/div>\n\t\t\t\t<\/div>\n\t\t\t\t<div class=\"elementor-element elementor-element-9854bc4 elementor-widget elementor-widget-image\" data-id=\"9854bc4\" data-element_type=\"widget\" data-widget_type=\"image.default\">\n\t\t\t\t<div class=\"elementor-widget-container\">\n\t\t\t\t\t\t\t\t\t\t\t\t\t\t\t<img decoding=\"async\" width=\"1024\" height=\"768\" src=\"https:\/\/direcaocientifica.uem.mz\/wp-content\/uploads\/2025\/11\/SEMINAR-1-1024x768.jpeg\" class=\"attachment-large size-large wp-image-2131\" alt=\"\" srcset=\"https:\/\/direcaocientifica.uem.mz\/wp-content\/uploads\/2025\/11\/SEMINAR-1-1024x768.jpeg 1024w, https:\/\/direcaocientifica.uem.mz\/wp-content\/uploads\/2025\/11\/SEMINAR-1-300x225.jpeg 300w, https:\/\/direcaocientifica.uem.mz\/wp-content\/uploads\/2025\/11\/SEMINAR-1-768x576.jpeg 768w, https:\/\/direcaocientifica.uem.mz\/wp-content\/uploads\/2025\/11\/SEMINAR-1.jpeg 1280w\" sizes=\"(max-width: 1024px) 100vw, 1024px\" \/>\t\t\t\t\t\t\t\t\t\t\t\t\t\t\t<\/div>\n\t\t\t\t<\/div>\n\t\t\t\t\t<\/div>\n\t\t\t\t<\/div>\n\t\t\t\t<\/div>\n\t\t","protected":false},"excerpt":{"rendered":"<p>A UEM acolheu, no dia 6 de Novembro de 2025, um semin\u00e1rio dedicado \u00e0 sensibiliza\u00e7\u00e3o para a partilha de laborat\u00f3rios entre as unidades acad\u00e9micas da UEM e entre estas e comunidade cient\u00edfica e empresarial externa, numa iniciativa conduzida pela Direc\u00e7\u00e3o Cient\u00edfica em parceria com a Funda\u00e7\u00e3o Oswaldo Cruz (Fiocruz) do Brasil. A actividade faz parte [&hellip;]<\/p>\n","protected":false},"author":6,"featured_media":2133,"comment_status":"open","ping_status":"open","sticky":false,"template":"","format":"standard","meta":{"inline_featured_image":false,"site-sidebar-layout":"default","site-content-layout":"","ast-site-content-layout":"","site-content-style":"default","site-sidebar-style":"default","ast-global-header-display":"","ast-banner-title-visibility":"","ast-main-header-display":"","ast-hfb-above-header-display":"","ast-hfb-below-header-display":"","ast-hfb-mobile-header-display":"","site-post-title":"","ast-breadcrumbs-content":"","ast-featured-img":"","footer-sml-layout":"","theme-transparent-header-meta":"","adv-header-id-meta":"","stick-header-meta":"","header-above-stick-meta":"","header-main-stick-meta":"","header-below-stick-meta":"","astra-migrate-meta-layouts":"default","ast-page-background-enabled":"default","ast-page-background-meta":{"desktop":{"background-color":"var(--ast-global-color-5)","background-image":"","background-repeat":"repeat","background-position":"center center","background-size":"auto","background-attachment":"scroll","background-type":"","background-media":"","overlay-type":"","overlay-color":"","overlay-opacity":"","overlay-gradient":""},"tablet":{"background-color":"","background-image":"","background-repeat":"repeat","background-position":"center center","background-size":"auto","background-attachment":"scroll","background-type":"","background-media":"","overlay-type":"","overlay-color":"","overlay-opacity":"","overlay-gradient":""},"mobile":{"background-color":"","background-image":"","background-repeat":"repeat","background-position":"center center","background-size":"auto","background-attachment":"scroll","background-type":"","background-media":"","overlay-type":"","overlay-color":"","overlay-opacity":"","overlay-gradient":""}},"ast-content-background-meta":{"desktop":{"background-color":"var(--ast-global-color-4)","background-image":"","background-repeat":"repeat","background-position":"center center","background-size":"auto","background-attachment":"scroll","background-type":"","background-media":"","overlay-type":"","overlay-color":"","overlay-opacity":"","overlay-gradient":""},"tablet":{"background-color":"var(--ast-global-color-4)","background-image":"","background-repeat":"repeat","background-position":"center center","background-size":"auto","background-attachment":"scroll","background-type":"","background-media":"","overlay-type":"","overlay-color":"","overlay-opacity":"","overlay-gradient":""},"mobile":{"background-color":"var(--ast-global-color-4)","background-image":"","background-repeat":"repeat","background-position":"center center","background-size":"auto","background-attachment":"scroll","background-type":"","background-media":"","overlay-type":"","overlay-color":"","overlay-opacity":"","overlay-gradient":""}},"footnotes":""},"categories":[3],"tags":[],"class_list":["post-2129","post","type-post","status-publish","format-standard","has-post-thumbnail","hentry","category-noticias"],"yoast_head":"<!-- This site is optimized with the Yoast SEO plugin v26.3 - https:\/\/yoast.com\/wordpress\/plugins\/seo\/ -->\n<title>UEM e Fiocruz esbo\u00e7am estrat\u00e9gias para a formaliza\u00e7\u00e3o do sistema de gest\u00e3o e partilha de laborat\u00f3rios na UEM<\/title>\n<meta name=\"description\" content=\"A UEM acolheu, no dia 6 de Novembro de 2025, um semin\u00e1rio dedicado \u00e0 sensibiliza\u00e7\u00e3o para a partilha de laborat\u00f3rios entre as unidades acad\u00e9micas da UEM e\" \/>\n<meta name=\"robots\" content=\"index, follow, max-snippet:-1, max-image-preview:large, max-video-preview:-1\" \/>\n<link rel=\"canonical\" href=\"https:\/\/direcaocientifica.uem.mz\/?p=2129\" \/>\n<meta property=\"og:locale\" content=\"pt_PT\" \/>\n<meta property=\"og:type\" content=\"article\" \/>\n<meta property=\"og:title\" content=\"UEM e Fiocruz esbo\u00e7am estrat\u00e9gias para a formaliza\u00e7\u00e3o do sistema de gest\u00e3o e partilha de laborat\u00f3rios na UEM\" \/>\n<meta property=\"og:description\" content=\"A UEM acolheu, no dia 6 de Novembro de 2025, um semin\u00e1rio dedicado \u00e0 sensibiliza\u00e7\u00e3o para a partilha de laborat\u00f3rios entre as unidades acad\u00e9micas da UEM e\" \/>\n<meta property=\"og:url\" content=\"https:\/\/direcaocientifica.uem.mz\/?p=2129\" \/>\n<meta property=\"og:site_name\" content=\"Direc\u00e7\u00e3o Cientifica\" \/>\n<meta property=\"article:published_time\" content=\"2025-11-17T10:07:05+00:00\" \/>\n<meta property=\"article:modified_time\" content=\"2025-11-18T06:58:53+00:00\" \/>\n<meta property=\"og:image\" content=\"https:\/\/direcaocientifica.uem.mz\/wp-content\/uploads\/2025\/11\/SEMINAR-3.jpeg\" \/>\n\t<meta property=\"og:image:width\" content=\"1280\" \/>\n\t<meta property=\"og:image:height\" content=\"960\" \/>\n\t<meta property=\"og:image:type\" content=\"image\/jpeg\" \/>\n<meta name=\"author\" content=\"Uaite Primeiro\" \/>\n<meta name=\"twitter:card\" content=\"summary_large_image\" \/>\n<meta name=\"twitter:label1\" content=\"Escrito por\" \/>\n\t<meta name=\"twitter:data1\" content=\"Uaite Primeiro\" \/>\n\t<meta name=\"twitter:label2\" content=\"Tempo estimado de leitura\" \/>\n\t<meta name=\"twitter:data2\" content=\"5 minutos\" \/>\n<script type=\"application\/ld+json\" class=\"yoast-schema-graph\">{\"@context\":\"https:\/\/schema.org\",\"@graph\":[{\"@type\":\"WebPage\",\"@id\":\"https:\/\/direcaocientifica.uem.mz\/?p=2129\",\"url\":\"https:\/\/direcaocientifica.uem.mz\/?p=2129\",\"name\":\"UEM e Fiocruz esbo\u00e7am estrat\u00e9gias para a formaliza\u00e7\u00e3o do sistema de gest\u00e3o e partilha de laborat\u00f3rios na UEM\",\"isPartOf\":{\"@id\":\"https:\/\/direcaocientifica.uem.mz\/#website\"},\"primaryImageOfPage\":{\"@id\":\"https:\/\/direcaocientifica.uem.mz\/?p=2129#primaryimage\"},\"image\":{\"@id\":\"https:\/\/direcaocientifica.uem.mz\/?p=2129#primaryimage\"},\"thumbnailUrl\":\"https:\/\/direcaocientifica.uem.mz\/wp-content\/uploads\/2025\/11\/SEMINAR-3.jpeg\",\"datePublished\":\"2025-11-17T10:07:05+00:00\",\"dateModified\":\"2025-11-18T06:58:53+00:00\",\"author\":{\"@id\":\"https:\/\/direcaocientifica.uem.mz\/#\/schema\/person\/b6a79584a4a6ed9e6b3e5610c9fc7b29\"},\"description\":\"A UEM acolheu, no dia 6 de Novembro de 2025, um semin\u00e1rio dedicado \u00e0 sensibiliza\u00e7\u00e3o para a partilha de laborat\u00f3rios entre as unidades acad\u00e9micas da UEM e\",\"breadcrumb\":{\"@id\":\"https:\/\/direcaocientifica.uem.mz\/?p=2129#breadcrumb\"},\"inLanguage\":\"pt-PT\",\"potentialAction\":[{\"@type\":\"ReadAction\",\"target\":[\"https:\/\/direcaocientifica.uem.mz\/?p=2129\"]}]},{\"@type\":\"ImageObject\",\"inLanguage\":\"pt-PT\",\"@id\":\"https:\/\/direcaocientifica.uem.mz\/?p=2129#primaryimage\",\"url\":\"https:\/\/direcaocientifica.uem.mz\/wp-content\/uploads\/2025\/11\/SEMINAR-3.jpeg\",\"contentUrl\":\"https:\/\/direcaocientifica.uem.mz\/wp-content\/uploads\/2025\/11\/SEMINAR-3.jpeg\",\"width\":1280,\"height\":960},{\"@type\":\"BreadcrumbList\",\"@id\":\"https:\/\/direcaocientifica.uem.mz\/?p=2129#breadcrumb\",\"itemListElement\":[{\"@type\":\"ListItem\",\"position\":1,\"name\":\"Home\",\"item\":\"https:\/\/direcaocientifica.uem.mz\/\"},{\"@type\":\"ListItem\",\"position\":2,\"name\":\"UEM e Fiocruz esbo\u00e7am estrat\u00e9gias para a formaliza\u00e7\u00e3o do sistema de gest\u00e3o e partilha de laborat\u00f3rios na UEM\"}]},{\"@type\":\"WebSite\",\"@id\":\"https:\/\/direcaocientifica.uem.mz\/#website\",\"url\":\"https:\/\/direcaocientifica.uem.mz\/\",\"name\":\"Direc\u00e7\u00e3o Cientifica\",\"description\":\"\",\"alternateName\":\"DC\",\"potentialAction\":[{\"@type\":\"SearchAction\",\"target\":{\"@type\":\"EntryPoint\",\"urlTemplate\":\"https:\/\/direcaocientifica.uem.mz\/?s={search_term_string}\"},\"query-input\":{\"@type\":\"PropertyValueSpecification\",\"valueRequired\":true,\"valueName\":\"search_term_string\"}}],\"inLanguage\":\"pt-PT\"},{\"@type\":\"Person\",\"@id\":\"https:\/\/direcaocientifica.uem.mz\/#\/schema\/person\/b6a79584a4a6ed9e6b3e5610c9fc7b29\",\"name\":\"Uaite Primeiro\",\"image\":{\"@type\":\"ImageObject\",\"inLanguage\":\"pt-PT\",\"@id\":\"https:\/\/direcaocientifica.uem.mz\/#\/schema\/person\/image\/\",\"url\":\"https:\/\/secure.gravatar.com\/avatar\/5c003e58a0e1cc16cdc02b8cfeb60c17f25922638d8a8201beb678d6cbf1a170?s=96&d=mm&r=g\",\"contentUrl\":\"https:\/\/secure.gravatar.com\/avatar\/5c003e58a0e1cc16cdc02b8cfeb60c17f25922638d8a8201beb678d6cbf1a170?s=96&d=mm&r=g\",\"caption\":\"Uaite Primeiro\"}}]}<\/script>\n<!-- \/ Yoast SEO plugin. -->","yoast_head_json":{"title":"UEM e Fiocruz esbo\u00e7am estrat\u00e9gias para a formaliza\u00e7\u00e3o do sistema de gest\u00e3o e partilha de laborat\u00f3rios na UEM","description":"A UEM acolheu, no dia 6 de Novembro de 2025, um semin\u00e1rio dedicado \u00e0 sensibiliza\u00e7\u00e3o para a partilha de laborat\u00f3rios entre as unidades acad\u00e9micas da UEM e","robots":{"index":"index","follow":"follow","max-snippet":"max-snippet:-1","max-image-preview":"max-image-preview:large","max-video-preview":"max-video-preview:-1"},"canonical":"https:\/\/direcaocientifica.uem.mz\/?p=2129","og_locale":"pt_PT","og_type":"article","og_title":"UEM e Fiocruz esbo\u00e7am estrat\u00e9gias para a formaliza\u00e7\u00e3o do sistema de gest\u00e3o e partilha de laborat\u00f3rios na UEM","og_description":"A UEM acolheu, no dia 6 de Novembro de 2025, um semin\u00e1rio dedicado \u00e0 sensibiliza\u00e7\u00e3o para a partilha de laborat\u00f3rios entre as unidades acad\u00e9micas da UEM e","og_url":"https:\/\/direcaocientifica.uem.mz\/?p=2129","og_site_name":"Direc\u00e7\u00e3o Cientifica","article_published_time":"2025-11-17T10:07:05+00:00","article_modified_time":"2025-11-18T06:58:53+00:00","og_image":[{"width":1280,"height":960,"url":"https:\/\/direcaocientifica.uem.mz\/wp-content\/uploads\/2025\/11\/SEMINAR-3.jpeg","type":"image\/jpeg"}],"author":"Uaite Primeiro","twitter_card":"summary_large_image","twitter_misc":{"Escrito por":"Uaite Primeiro","Tempo estimado de leitura":"5 minutos"},"schema":{"@context":"https:\/\/schema.org","@graph":[{"@type":"WebPage","@id":"https:\/\/direcaocientifica.uem.mz\/?p=2129","url":"https:\/\/direcaocientifica.uem.mz\/?p=2129","name":"UEM e Fiocruz esbo\u00e7am estrat\u00e9gias para a formaliza\u00e7\u00e3o do sistema de gest\u00e3o e partilha de laborat\u00f3rios na UEM","isPartOf":{"@id":"https:\/\/direcaocientifica.uem.mz\/#website"},"primaryImageOfPage":{"@id":"https:\/\/direcaocientifica.uem.mz\/?p=2129#primaryimage"},"image":{"@id":"https:\/\/direcaocientifica.uem.mz\/?p=2129#primaryimage"},"thumbnailUrl":"https:\/\/direcaocientifica.uem.mz\/wp-content\/uploads\/2025\/11\/SEMINAR-3.jpeg","datePublished":"2025-11-17T10:07:05+00:00","dateModified":"2025-11-18T06:58:53+00:00","author":{"@id":"https:\/\/direcaocientifica.uem.mz\/#\/schema\/person\/b6a79584a4a6ed9e6b3e5610c9fc7b29"},"description":"A UEM acolheu, no dia 6 de Novembro de 2025, um semin\u00e1rio dedicado \u00e0 sensibiliza\u00e7\u00e3o para a partilha de laborat\u00f3rios entre as unidades acad\u00e9micas da UEM e","breadcrumb":{"@id":"https:\/\/direcaocientifica.uem.mz\/?p=2129#breadcrumb"},"inLanguage":"pt-PT","potentialAction":[{"@type":"ReadAction","target":["https:\/\/direcaocientifica.uem.mz\/?p=2129"]}]},{"@type":"ImageObject","inLanguage":"pt-PT","@id":"https:\/\/direcaocientifica.uem.mz\/?p=2129#primaryimage","url":"https:\/\/direcaocientifica.uem.mz\/wp-content\/uploads\/2025\/11\/SEMINAR-3.jpeg","contentUrl":"https:\/\/direcaocientifica.uem.mz\/wp-content\/uploads\/2025\/11\/SEMINAR-3.jpeg","width":1280,"height":960},{"@type":"BreadcrumbList","@id":"https:\/\/direcaocientifica.uem.mz\/?p=2129#breadcrumb","itemListElement":[{"@type":"ListItem","position":1,"name":"Home","item":"https:\/\/direcaocientifica.uem.mz\/"},{"@type":"ListItem","position":2,"name":"UEM e Fiocruz esbo\u00e7am estrat\u00e9gias para a formaliza\u00e7\u00e3o do sistema de gest\u00e3o e partilha de laborat\u00f3rios na UEM"}]},{"@type":"WebSite","@id":"https:\/\/direcaocientifica.uem.mz\/#website","url":"https:\/\/direcaocientifica.uem.mz\/","name":"Direc\u00e7\u00e3o Cientifica","description":"","alternateName":"DC","potentialAction":[{"@type":"SearchAction","target":{"@type":"EntryPoint","urlTemplate":"https:\/\/direcaocientifica.uem.mz\/?s={search_term_string}"},"query-input":{"@type":"PropertyValueSpecification","valueRequired":true,"valueName":"search_term_string"}}],"inLanguage":"pt-PT"},{"@type":"Person","@id":"https:\/\/direcaocientifica.uem.mz\/#\/schema\/person\/b6a79584a4a6ed9e6b3e5610c9fc7b29","name":"Uaite Primeiro","image":{"@type":"ImageObject","inLanguage":"pt-PT","@id":"https:\/\/direcaocientifica.uem.mz\/#\/schema\/person\/image\/","url":"https:\/\/secure.gravatar.com\/avatar\/5c003e58a0e1cc16cdc02b8cfeb60c17f25922638d8a8201beb678d6cbf1a170?s=96&d=mm&r=g","contentUrl":"https:\/\/secure.gravatar.com\/avatar\/5c003e58a0e1cc16cdc02b8cfeb60c17f25922638d8a8201beb678d6cbf1a170?s=96&d=mm&r=g","caption":"Uaite Primeiro"}}]}},"rttpg_featured_image_url":{"full":["https:\/\/direcaocientifica.uem.mz\/wp-content\/uploads\/2025\/11\/SEMINAR-3.jpeg",1280,960,false],"landscape":["https:\/\/direcaocientifica.uem.mz\/wp-content\/uploads\/2025\/11\/SEMINAR-3.jpeg",1280,960,false],"portraits":["https:\/\/direcaocientifica.uem.mz\/wp-content\/uploads\/2025\/11\/SEMINAR-3.jpeg",1280,960,false],"thumbnail":["https:\/\/direcaocientifica.uem.mz\/wp-content\/uploads\/2025\/11\/SEMINAR-3-150x150.jpeg",150,150,true],"medium":["https:\/\/direcaocientifica.uem.mz\/wp-content\/uploads\/2025\/11\/SEMINAR-3-300x225.jpeg",300,225,true],"large":["https:\/\/direcaocientifica.uem.mz\/wp-content\/uploads\/2025\/11\/SEMINAR-3-1024x768.jpeg",1024,768,true],"1536x1536":["https:\/\/direcaocientifica.uem.mz\/wp-content\/uploads\/2025\/11\/SEMINAR-3.jpeg",1280,960,false],"2048x2048":["https:\/\/direcaocientifica.uem.mz\/wp-content\/uploads\/2025\/11\/SEMINAR-3.jpeg",1280,960,false]},"rttpg_author":{"display_name":"Uaite Primeiro","author_link":"https:\/\/direcaocientifica.uem.mz\/?author=6"},"rttpg_comment":3,"rttpg_category":"<a href=\"https:\/\/direcaocientifica.uem.mz\/?cat=3\" rel=\"category\">Noticias<\/a>","rttpg_excerpt":"A UEM acolheu, no dia 6 de Novembro de 2025, um semin\u00e1rio dedicado \u00e0 sensibiliza\u00e7\u00e3o para a partilha de laborat\u00f3rios entre as unidades acad\u00e9micas da UEM e entre estas e comunidade cient\u00edfica e empresarial externa, numa iniciativa conduzida pela Direc\u00e7\u00e3o Cient\u00edfica em parceria com a Funda\u00e7\u00e3o Oswaldo Cruz (Fiocruz) do Brasil. A actividade faz parte&hellip;","_links":{"self":[{"href":"https:\/\/direcaocientifica.uem.mz\/index.php?rest_route=\/wp\/v2\/posts\/2129","targetHints":{"allow":["GET"]}}],"collection":[{"href":"https:\/\/direcaocientifica.uem.mz\/index.php?rest_route=\/wp\/v2\/posts"}],"about":[{"href":"https:\/\/direcaocientifica.uem.mz\/index.php?rest_route=\/wp\/v2\/types\/post"}],"author":[{"embeddable":true,"href":"https:\/\/direcaocientifica.uem.mz\/index.php?rest_route=\/wp\/v2\/users\/6"}],"replies":[{"embeddable":true,"href":"https:\/\/direcaocientifica.uem.mz\/index.php?rest_route=%2Fwp%2Fv2%2Fcomments&post=2129"}],"version-history":[{"count":13,"href":"https:\/\/direcaocientifica.uem.mz\/index.php?rest_route=\/wp\/v2\/posts\/2129\/revisions"}],"predecessor-version":[{"id":2169,"href":"https:\/\/direcaocientifica.uem.mz\/index.php?rest_route=\/wp\/v2\/posts\/2129\/revisions\/2169"}],"wp:featuredmedia":[{"embeddable":true,"href":"https:\/\/direcaocientifica.uem.mz\/index.php?rest_route=\/wp\/v2\/media\/2133"}],"wp:attachment":[{"href":"https:\/\/direcaocientifica.uem.mz\/index.php?rest_route=%2Fwp%2Fv2%2Fmedia&parent=2129"}],"wp:term":[{"taxonomy":"category","embeddable":true,"href":"https:\/\/direcaocientifica.uem.mz\/index.php?rest_route=%2Fwp%2Fv2%2Fcategories&post=2129"},{"taxonomy":"post_tag","embeddable":true,"href":"https:\/\/direcaocientifica.uem.mz\/index.php?rest_route=%2Fwp%2Fv2%2Ftags&post=2129"}],"curies":[{"name":"wp","href":"https:\/\/api.w.org\/{rel}","templated":true}]}}