{"id":2112,"date":"2025-11-17T09:39:39","date_gmt":"2025-11-17T09:39:39","guid":{"rendered":"https:\/\/direcaocientifica.uem.mz\/?p=2112"},"modified":"2025-11-18T16:18:38","modified_gmt":"2025-11-18T16:18:38","slug":"mentores-da-fiocruz-visita-laboratorios-da-uem-para-fortalecer-actividades-de-gestao-de-infraestruturas-de-investigacao-na-uem","status":"publish","type":"post","link":"https:\/\/direcaocientifica.uem.mz\/?p=2112","title":{"rendered":"Mentores da Fiocruz visitam laborat\u00f3rios da UEM para fortalecer actividades de gest\u00e3o de infraestruturas de investiga\u00e7\u00e3o na UEM"},"content":{"rendered":"\t\t<div data-elementor-type=\"wp-post\" data-elementor-id=\"2112\" class=\"elementor elementor-2112\">\n\t\t\t\t<div class=\"elementor-element elementor-element-de48727 e-flex e-con-boxed e-con e-parent\" data-id=\"de48727\" data-element_type=\"container\">\n\t\t\t\t\t<div class=\"e-con-inner\">\n\t\t\t\t<div class=\"elementor-element elementor-element-9ef6d5d elementor-widget elementor-widget-text-editor\" data-id=\"9ef6d5d\" data-element_type=\"widget\" data-widget_type=\"text-editor.default\">\n\t\t\t\t<div class=\"elementor-widget-container\">\n\t\t\t\t\t\t\t\t\t<p>No \u00e2mbito das actividades do projecto SARIMA da Direc\u00e7\u00e3o Cient\u00edfica, designadamente Gest\u00e3o de Infraestrutura de Investiga\u00e7\u00e3o que visa o fortalecimento das actividades de gest\u00e3o de infraestruturas de investiga\u00e7\u00e3o, a Universidade Eduardo Mondlane (UEM) recebeu, entre os dias 4 e 5 de Novembro de 2025, a Funda\u00e7\u00e3o Oswaldo Cruz (Fiocruz), do Brasil, representadas por Profa. C\u00e1ssia Pereira e Prof. Wim Degrave, ambos mentores da referida \u00e1rea de interven\u00e7\u00e3o.<\/p><p>Sob coordena\u00e7\u00e3o da Direc\u00e7\u00e3o Cient\u00edfica, os mentores visitaram seis laborat\u00f3rios inseridos no projecto piloto de gest\u00e3o e partilha dos laborat\u00f3rios da UEM, nomeadamente os laborat\u00f3rios de Laborat\u00f3rio de Engenharia de Alimentos, da Faculdade de Engenharia, Laborat\u00f3rio de Tecnologia de Alimentos, da Faculdade de Veterin\u00e1ria, Laborat\u00f3rio de Ecologia Marinha e Aqu\u00e1tica e Laborat\u00f3rio Central de Qu\u00edmica da Faculdade de Ci\u00eancias, o Laborat\u00f3rio de Solos da Faculdade de Agronomia e Engenharia Florestal e o Laborat\u00f3rio do Centro de Biotecnologia.<\/p><p>A visita visava, essencialmente (1) avaliar as condi\u00e7\u00f5es dos laborat\u00f3rios inseridos no projecto piloto de gest\u00e3o e partilha dos laborat\u00f3rios da UEM; (2) identificar oportunidades de colabora\u00e7\u00e3o cient\u00edfica entre as unidades acad\u00e9micas; e (3) colher dados pr\u00e1ticos para a melhoria do Gui\u00e3o de Gest\u00e3o e Partilha dos Laborat\u00f3rios da UEM, um dos objectivos da actividade, al\u00e9m do aumento do n\u00famero de partilha entre as unidades.<\/p><p>Durante o primeiro dia, a equipa visitou os laborat\u00f3rios da Faculdade de Engenharia, de Veterin\u00e1ria e do Centro de Biotecnologia. J\u00e1 no segundo dia, as visitas prosseguiram para os laborat\u00f3rios da Faculdade de Ci\u00eancias e da Faculdade de Agronomia e Engenharia Florestal.<\/p><p>Nestes espa\u00e7os, os mentores observaram o funcionamento t\u00e9cnico dos equipamentos, as boas pr\u00e1ticas, as dificuldades enfrentadas pelas equipas de gest\u00e3o dos laborat\u00f3rios e as condi\u00e7\u00f5es para a partilha de recursos e servi\u00e7os entre unidades acad\u00e9micas.<\/p><p>Reunidos com os Directores-Adjuntos para Investiga\u00e7\u00e3o e Extens\u00e3o, investigadores e t\u00e9cnicos, os mentores analisaram as possibilidades de integra\u00e7\u00e3o e uso conjunto dos equipamentos e destacou o potencial cient\u00edfico e t\u00e9cnico dos laborat\u00f3rios da UEM e a import\u00e2ncia de fortalecer a coopera\u00e7\u00e3o institucional para optimizar recursos e impulsionar a produ\u00e7\u00e3o cient\u00edfica. Igualmente, refor\u00e7aram que a experi\u00eancia brasileira na partilha de infraestruturas pode servir de modelo para a consolida\u00e7\u00e3o de um sistema de gest\u00e3o integrado na UEM.<\/p><p>As informa\u00e7\u00f5es recolhidas durante as visitas servir\u00e3o de base para a elabora\u00e7\u00e3o de recomenda\u00e7\u00f5es para estimular e melhorar o uso partilhado das infra-estruturas laboratoriais e para alimentar o plano de implementa\u00e7\u00e3o do projecto piloto englobando os seis laborat\u00f3rios referenciados.<\/p><p>Por: <i>Esperan\u00e7a Mazive e Uaite Primeiro<\/i><\/p>\t\t\t\t\t\t\t\t<\/div>\n\t\t\t\t<\/div>\n\t\t\t\t\t<\/div>\n\t\t\t\t<\/div>\n\t\t<div class=\"elementor-element elementor-element-fce10ff e-grid e-con-boxed e-con e-parent\" data-id=\"fce10ff\" data-element_type=\"container\">\n\t\t\t\t\t<div class=\"e-con-inner\">\n\t\t\t\t<div class=\"elementor-element elementor-element-65d0db2 elementor-widget elementor-widget-image\" data-id=\"65d0db2\" data-element_type=\"widget\" data-widget_type=\"image.default\">\n\t\t\t\t<div class=\"elementor-widget-container\">\n\t\t\t\t\t\t\t\t\t\t\t\t\t\t\t<img fetchpriority=\"high\" decoding=\"async\" width=\"1024\" height=\"768\" src=\"https:\/\/direcaocientifica.uem.mz\/wp-content\/uploads\/2025\/11\/Lab-visit-3-1024x768.jpeg\" class=\"attachment-large size-large wp-image-2116\" alt=\"\" srcset=\"https:\/\/direcaocientifica.uem.mz\/wp-content\/uploads\/2025\/11\/Lab-visit-3-1024x768.jpeg 1024w, https:\/\/direcaocientifica.uem.mz\/wp-content\/uploads\/2025\/11\/Lab-visit-3-300x225.jpeg 300w, https:\/\/direcaocientifica.uem.mz\/wp-content\/uploads\/2025\/11\/Lab-visit-3-768x576.jpeg 768w, https:\/\/direcaocientifica.uem.mz\/wp-content\/uploads\/2025\/11\/Lab-visit-3.jpeg 1280w\" sizes=\"(max-width: 1024px) 100vw, 1024px\" \/>\t\t\t\t\t\t\t\t\t\t\t\t\t\t\t<\/div>\n\t\t\t\t<\/div>\n\t\t\t\t<div class=\"elementor-element elementor-element-0e71c0f elementor-widget elementor-widget-image\" data-id=\"0e71c0f\" data-element_type=\"widget\" data-widget_type=\"image.default\">\n\t\t\t\t<div class=\"elementor-widget-container\">\n\t\t\t\t\t\t\t\t\t\t\t\t\t\t\t<img decoding=\"async\" width=\"1024\" height=\"768\" src=\"https:\/\/direcaocientifica.uem.mz\/wp-content\/uploads\/2025\/11\/Lab-visit-2-1024x768.jpeg\" class=\"attachment-large size-large wp-image-2115\" alt=\"\" srcset=\"https:\/\/direcaocientifica.uem.mz\/wp-content\/uploads\/2025\/11\/Lab-visit-2-1024x768.jpeg 1024w, https:\/\/direcaocientifica.uem.mz\/wp-content\/uploads\/2025\/11\/Lab-visit-2-300x225.jpeg 300w, https:\/\/direcaocientifica.uem.mz\/wp-content\/uploads\/2025\/11\/Lab-visit-2-768x576.jpeg 768w, https:\/\/direcaocientifica.uem.mz\/wp-content\/uploads\/2025\/11\/Lab-visit-2.jpeg 1280w\" sizes=\"(max-width: 1024px) 100vw, 1024px\" \/>\t\t\t\t\t\t\t\t\t\t\t\t\t\t\t<\/div>\n\t\t\t\t<\/div>\n\t\t\t\t<div class=\"elementor-element elementor-element-d186950 elementor-widget elementor-widget-image\" data-id=\"d186950\" data-element_type=\"widget\" data-widget_type=\"image.default\">\n\t\t\t\t<div class=\"elementor-widget-container\">\n\t\t\t\t\t\t\t\t\t\t\t\t\t\t\t<img decoding=\"async\" width=\"1024\" height=\"768\" src=\"https:\/\/direcaocientifica.uem.mz\/wp-content\/uploads\/2025\/11\/Lab-visit-1-1024x768.jpeg\" class=\"attachment-large size-large wp-image-2114\" alt=\"\" srcset=\"https:\/\/direcaocientifica.uem.mz\/wp-content\/uploads\/2025\/11\/Lab-visit-1-1024x768.jpeg 1024w, https:\/\/direcaocientifica.uem.mz\/wp-content\/uploads\/2025\/11\/Lab-visit-1-300x225.jpeg 300w, https:\/\/direcaocientifica.uem.mz\/wp-content\/uploads\/2025\/11\/Lab-visit-1-768x576.jpeg 768w, https:\/\/direcaocientifica.uem.mz\/wp-content\/uploads\/2025\/11\/Lab-visit-1.jpeg 1280w\" sizes=\"(max-width: 1024px) 100vw, 1024px\" \/>\t\t\t\t\t\t\t\t\t\t\t\t\t\t\t<\/div>\n\t\t\t\t<\/div>\n\t\t\t\t\t<\/div>\n\t\t\t\t<\/div>\n\t\t<div class=\"elementor-element elementor-element-8ceb992 e-flex e-con-boxed e-con e-parent\" data-id=\"8ceb992\" data-element_type=\"container\">\n\t\t\t\t\t<div class=\"e-con-inner\">\n\t\t\t\t<div class=\"elementor-element elementor-element-12544b3 elementor-widget elementor-widget-text-editor\" data-id=\"12544b3\" data-element_type=\"widget\" data-widget_type=\"text-editor.default\">\n\t\t\t\t<div class=\"elementor-widget-container\">\n\t\t\t\t\t\t\t\t\t<p>Lorem ipsum dolor sit amet, consectetur adipiscing elit. Ut elit tellus, luctus nec ullamcorper mattis, pulvinar dapibus leo.<\/p>\t\t\t\t\t\t\t\t<\/div>\n\t\t\t\t<\/div>\n\t\t\t\t\t<\/div>\n\t\t\t\t<\/div>\n\t\t\t\t<\/div>\n\t\t","protected":false},"excerpt":{"rendered":"<p>No \u00e2mbito das actividades do projecto SARIMA da Direc\u00e7\u00e3o Cient\u00edfica, designadamente Gest\u00e3o de Infraestrutura de Investiga\u00e7\u00e3o que visa o fortalecimento das actividades de gest\u00e3o de infraestruturas de investiga\u00e7\u00e3o, a Universidade Eduardo Mondlane (UEM) recebeu, entre os dias 4 e 5 de Novembro de 2025, a Funda\u00e7\u00e3o Oswaldo Cruz (Fiocruz), do Brasil, representadas por Profa. C\u00e1ssia [&hellip;]<\/p>\n","protected":false},"author":6,"featured_media":2117,"comment_status":"open","ping_status":"open","sticky":false,"template":"","format":"standard","meta":{"inline_featured_image":false,"site-sidebar-layout":"default","site-content-layout":"","ast-site-content-layout":"","site-content-style":"default","site-sidebar-style":"default","ast-global-header-display":"","ast-banner-title-visibility":"","ast-main-header-display":"","ast-hfb-above-header-display":"","ast-hfb-below-header-display":"","ast-hfb-mobile-header-display":"","site-post-title":"","ast-breadcrumbs-content":"","ast-featured-img":"","footer-sml-layout":"","theme-transparent-header-meta":"","adv-header-id-meta":"","stick-header-meta":"","header-above-stick-meta":"","header-main-stick-meta":"","header-below-stick-meta":"","astra-migrate-meta-layouts":"default","ast-page-background-enabled":"default","ast-page-background-meta":{"desktop":{"background-color":"var(--ast-global-color-5)","background-image":"","background-repeat":"repeat","background-position":"center center","background-size":"auto","background-attachment":"scroll","background-type":"","background-media":"","overlay-type":"","overlay-color":"","overlay-opacity":"","overlay-gradient":""},"tablet":{"background-color":"","background-image":"","background-repeat":"repeat","background-position":"center center","background-size":"auto","background-attachment":"scroll","background-type":"","background-media":"","overlay-type":"","overlay-color":"","overlay-opacity":"","overlay-gradient":""},"mobile":{"background-color":"","background-image":"","background-repeat":"repeat","background-position":"center center","background-size":"auto","background-attachment":"scroll","background-type":"","background-media":"","overlay-type":"","overlay-color":"","overlay-opacity":"","overlay-gradient":""}},"ast-content-background-meta":{"desktop":{"background-color":"var(--ast-global-color-4)","background-image":"","background-repeat":"repeat","background-position":"center center","background-size":"auto","background-attachment":"scroll","background-type":"","background-media":"","overlay-type":"","overlay-color":"","overlay-opacity":"","overlay-gradient":""},"tablet":{"background-color":"var(--ast-global-color-4)","background-image":"","background-repeat":"repeat","background-position":"center center","background-size":"auto","background-attachment":"scroll","background-type":"","background-media":"","overlay-type":"","overlay-color":"","overlay-opacity":"","overlay-gradient":""},"mobile":{"background-color":"var(--ast-global-color-4)","background-image":"","background-repeat":"repeat","background-position":"center center","background-size":"auto","background-attachment":"scroll","background-type":"","background-media":"","overlay-type":"","overlay-color":"","overlay-opacity":"","overlay-gradient":""}},"footnotes":""},"categories":[3],"tags":[],"class_list":["post-2112","post","type-post","status-publish","format-standard","has-post-thumbnail","hentry","category-noticias"],"yoast_head":"<!-- This site is optimized with the Yoast SEO plugin v26.3 - https:\/\/yoast.com\/wordpress\/plugins\/seo\/ -->\n<title>Mentores da Fiocruz visitam laborat\u00f3rios da UEM para fortalecer actividades de gest\u00e3o de infraestruturas de investiga\u00e7\u00e3o na UEM<\/title>\n<meta name=\"description\" content=\"No \u00e2mbito das actividades do projecto SARIMA da Direc\u00e7\u00e3o Cient\u00edfica, designadamente Gest\u00e3o de Infraestrutura de Investiga\u00e7\u00e3o que visa o fortalecimento das\" \/>\n<meta name=\"robots\" content=\"index, follow, max-snippet:-1, max-image-preview:large, max-video-preview:-1\" \/>\n<link rel=\"canonical\" href=\"https:\/\/direcaocientifica.uem.mz\/?p=2112\" \/>\n<meta property=\"og:locale\" content=\"pt_PT\" \/>\n<meta property=\"og:type\" content=\"article\" \/>\n<meta property=\"og:title\" content=\"Mentores da Fiocruz visitam laborat\u00f3rios da UEM para fortalecer actividades de gest\u00e3o de infraestruturas de investiga\u00e7\u00e3o na UEM\" \/>\n<meta property=\"og:description\" content=\"No \u00e2mbito das actividades do projecto SARIMA da Direc\u00e7\u00e3o Cient\u00edfica, designadamente Gest\u00e3o de Infraestrutura de Investiga\u00e7\u00e3o que visa o fortalecimento das\" \/>\n<meta property=\"og:url\" content=\"https:\/\/direcaocientifica.uem.mz\/?p=2112\" \/>\n<meta property=\"og:site_name\" content=\"Direc\u00e7\u00e3o Cientifica\" \/>\n<meta property=\"article:published_time\" content=\"2025-11-17T09:39:39+00:00\" \/>\n<meta property=\"article:modified_time\" content=\"2025-11-18T16:18:38+00:00\" \/>\n<meta property=\"og:image\" content=\"https:\/\/direcaocientifica.uem.mz\/wp-content\/uploads\/2025\/11\/Lab-visit-4.jpeg\" \/>\n\t<meta property=\"og:image:width\" content=\"960\" \/>\n\t<meta property=\"og:image:height\" content=\"1280\" \/>\n\t<meta property=\"og:image:type\" content=\"image\/jpeg\" \/>\n<meta name=\"author\" content=\"Uaite Primeiro\" \/>\n<meta name=\"twitter:card\" content=\"summary_large_image\" \/>\n<meta name=\"twitter:label1\" content=\"Escrito por\" \/>\n\t<meta name=\"twitter:data1\" content=\"Uaite Primeiro\" \/>\n\t<meta name=\"twitter:label2\" content=\"Tempo estimado de leitura\" \/>\n\t<meta name=\"twitter:data2\" content=\"3 minutos\" \/>\n<script type=\"application\/ld+json\" class=\"yoast-schema-graph\">{\"@context\":\"https:\/\/schema.org\",\"@graph\":[{\"@type\":\"WebPage\",\"@id\":\"https:\/\/direcaocientifica.uem.mz\/?p=2112\",\"url\":\"https:\/\/direcaocientifica.uem.mz\/?p=2112\",\"name\":\"Mentores da Fiocruz visitam laborat\u00f3rios da UEM para fortalecer actividades de gest\u00e3o de infraestruturas de investiga\u00e7\u00e3o na UEM\",\"isPartOf\":{\"@id\":\"https:\/\/direcaocientifica.uem.mz\/#website\"},\"primaryImageOfPage\":{\"@id\":\"https:\/\/direcaocientifica.uem.mz\/?p=2112#primaryimage\"},\"image\":{\"@id\":\"https:\/\/direcaocientifica.uem.mz\/?p=2112#primaryimage\"},\"thumbnailUrl\":\"https:\/\/direcaocientifica.uem.mz\/wp-content\/uploads\/2025\/11\/Lab-visit-4.jpeg\",\"datePublished\":\"2025-11-17T09:39:39+00:00\",\"dateModified\":\"2025-11-18T16:18:38+00:00\",\"author\":{\"@id\":\"https:\/\/direcaocientifica.uem.mz\/#\/schema\/person\/b6a79584a4a6ed9e6b3e5610c9fc7b29\"},\"description\":\"No \u00e2mbito das actividades do projecto SARIMA da Direc\u00e7\u00e3o Cient\u00edfica, designadamente Gest\u00e3o de Infraestrutura de Investiga\u00e7\u00e3o que visa o fortalecimento das\",\"breadcrumb\":{\"@id\":\"https:\/\/direcaocientifica.uem.mz\/?p=2112#breadcrumb\"},\"inLanguage\":\"pt-PT\",\"potentialAction\":[{\"@type\":\"ReadAction\",\"target\":[\"https:\/\/direcaocientifica.uem.mz\/?p=2112\"]}]},{\"@type\":\"ImageObject\",\"inLanguage\":\"pt-PT\",\"@id\":\"https:\/\/direcaocientifica.uem.mz\/?p=2112#primaryimage\",\"url\":\"https:\/\/direcaocientifica.uem.mz\/wp-content\/uploads\/2025\/11\/Lab-visit-4.jpeg\",\"contentUrl\":\"https:\/\/direcaocientifica.uem.mz\/wp-content\/uploads\/2025\/11\/Lab-visit-4.jpeg\",\"width\":960,\"height\":1280},{\"@type\":\"BreadcrumbList\",\"@id\":\"https:\/\/direcaocientifica.uem.mz\/?p=2112#breadcrumb\",\"itemListElement\":[{\"@type\":\"ListItem\",\"position\":1,\"name\":\"Home\",\"item\":\"https:\/\/direcaocientifica.uem.mz\/\"},{\"@type\":\"ListItem\",\"position\":2,\"name\":\"Mentores da Fiocruz visitam laborat\u00f3rios da UEM para fortalecer actividades de gest\u00e3o de infraestruturas de investiga\u00e7\u00e3o na UEM\"}]},{\"@type\":\"WebSite\",\"@id\":\"https:\/\/direcaocientifica.uem.mz\/#website\",\"url\":\"https:\/\/direcaocientifica.uem.mz\/\",\"name\":\"Direc\u00e7\u00e3o Cientifica\",\"description\":\"\",\"alternateName\":\"DC\",\"potentialAction\":[{\"@type\":\"SearchAction\",\"target\":{\"@type\":\"EntryPoint\",\"urlTemplate\":\"https:\/\/direcaocientifica.uem.mz\/?s={search_term_string}\"},\"query-input\":{\"@type\":\"PropertyValueSpecification\",\"valueRequired\":true,\"valueName\":\"search_term_string\"}}],\"inLanguage\":\"pt-PT\"},{\"@type\":\"Person\",\"@id\":\"https:\/\/direcaocientifica.uem.mz\/#\/schema\/person\/b6a79584a4a6ed9e6b3e5610c9fc7b29\",\"name\":\"Uaite Primeiro\",\"image\":{\"@type\":\"ImageObject\",\"inLanguage\":\"pt-PT\",\"@id\":\"https:\/\/direcaocientifica.uem.mz\/#\/schema\/person\/image\/\",\"url\":\"https:\/\/secure.gravatar.com\/avatar\/5c003e58a0e1cc16cdc02b8cfeb60c17f25922638d8a8201beb678d6cbf1a170?s=96&d=mm&r=g\",\"contentUrl\":\"https:\/\/secure.gravatar.com\/avatar\/5c003e58a0e1cc16cdc02b8cfeb60c17f25922638d8a8201beb678d6cbf1a170?s=96&d=mm&r=g\",\"caption\":\"Uaite Primeiro\"}}]}<\/script>\n<!-- \/ Yoast SEO plugin. -->","yoast_head_json":{"title":"Mentores da Fiocruz visitam laborat\u00f3rios da UEM para fortalecer actividades de gest\u00e3o de infraestruturas de investiga\u00e7\u00e3o na UEM","description":"No \u00e2mbito das actividades do projecto SARIMA da Direc\u00e7\u00e3o Cient\u00edfica, designadamente Gest\u00e3o de Infraestrutura de Investiga\u00e7\u00e3o que visa o fortalecimento das","robots":{"index":"index","follow":"follow","max-snippet":"max-snippet:-1","max-image-preview":"max-image-preview:large","max-video-preview":"max-video-preview:-1"},"canonical":"https:\/\/direcaocientifica.uem.mz\/?p=2112","og_locale":"pt_PT","og_type":"article","og_title":"Mentores da Fiocruz visitam laborat\u00f3rios da UEM para fortalecer actividades de gest\u00e3o de infraestruturas de investiga\u00e7\u00e3o na UEM","og_description":"No \u00e2mbito das actividades do projecto SARIMA da Direc\u00e7\u00e3o Cient\u00edfica, designadamente Gest\u00e3o de Infraestrutura de Investiga\u00e7\u00e3o que visa o fortalecimento das","og_url":"https:\/\/direcaocientifica.uem.mz\/?p=2112","og_site_name":"Direc\u00e7\u00e3o Cientifica","article_published_time":"2025-11-17T09:39:39+00:00","article_modified_time":"2025-11-18T16:18:38+00:00","og_image":[{"width":960,"height":1280,"url":"https:\/\/direcaocientifica.uem.mz\/wp-content\/uploads\/2025\/11\/Lab-visit-4.jpeg","type":"image\/jpeg"}],"author":"Uaite Primeiro","twitter_card":"summary_large_image","twitter_misc":{"Escrito por":"Uaite Primeiro","Tempo estimado de leitura":"3 minutos"},"schema":{"@context":"https:\/\/schema.org","@graph":[{"@type":"WebPage","@id":"https:\/\/direcaocientifica.uem.mz\/?p=2112","url":"https:\/\/direcaocientifica.uem.mz\/?p=2112","name":"Mentores da Fiocruz visitam laborat\u00f3rios da UEM para fortalecer actividades de gest\u00e3o de infraestruturas de investiga\u00e7\u00e3o na UEM","isPartOf":{"@id":"https:\/\/direcaocientifica.uem.mz\/#website"},"primaryImageOfPage":{"@id":"https:\/\/direcaocientifica.uem.mz\/?p=2112#primaryimage"},"image":{"@id":"https:\/\/direcaocientifica.uem.mz\/?p=2112#primaryimage"},"thumbnailUrl":"https:\/\/direcaocientifica.uem.mz\/wp-content\/uploads\/2025\/11\/Lab-visit-4.jpeg","datePublished":"2025-11-17T09:39:39+00:00","dateModified":"2025-11-18T16:18:38+00:00","author":{"@id":"https:\/\/direcaocientifica.uem.mz\/#\/schema\/person\/b6a79584a4a6ed9e6b3e5610c9fc7b29"},"description":"No \u00e2mbito das actividades do projecto SARIMA da Direc\u00e7\u00e3o Cient\u00edfica, designadamente Gest\u00e3o de Infraestrutura de Investiga\u00e7\u00e3o que visa o fortalecimento das","breadcrumb":{"@id":"https:\/\/direcaocientifica.uem.mz\/?p=2112#breadcrumb"},"inLanguage":"pt-PT","potentialAction":[{"@type":"ReadAction","target":["https:\/\/direcaocientifica.uem.mz\/?p=2112"]}]},{"@type":"ImageObject","inLanguage":"pt-PT","@id":"https:\/\/direcaocientifica.uem.mz\/?p=2112#primaryimage","url":"https:\/\/direcaocientifica.uem.mz\/wp-content\/uploads\/2025\/11\/Lab-visit-4.jpeg","contentUrl":"https:\/\/direcaocientifica.uem.mz\/wp-content\/uploads\/2025\/11\/Lab-visit-4.jpeg","width":960,"height":1280},{"@type":"BreadcrumbList","@id":"https:\/\/direcaocientifica.uem.mz\/?p=2112#breadcrumb","itemListElement":[{"@type":"ListItem","position":1,"name":"Home","item":"https:\/\/direcaocientifica.uem.mz\/"},{"@type":"ListItem","position":2,"name":"Mentores da Fiocruz visitam laborat\u00f3rios da UEM para fortalecer actividades de gest\u00e3o de infraestruturas de investiga\u00e7\u00e3o na UEM"}]},{"@type":"WebSite","@id":"https:\/\/direcaocientifica.uem.mz\/#website","url":"https:\/\/direcaocientifica.uem.mz\/","name":"Direc\u00e7\u00e3o Cientifica","description":"","alternateName":"DC","potentialAction":[{"@type":"SearchAction","target":{"@type":"EntryPoint","urlTemplate":"https:\/\/direcaocientifica.uem.mz\/?s={search_term_string}"},"query-input":{"@type":"PropertyValueSpecification","valueRequired":true,"valueName":"search_term_string"}}],"inLanguage":"pt-PT"},{"@type":"Person","@id":"https:\/\/direcaocientifica.uem.mz\/#\/schema\/person\/b6a79584a4a6ed9e6b3e5610c9fc7b29","name":"Uaite Primeiro","image":{"@type":"ImageObject","inLanguage":"pt-PT","@id":"https:\/\/direcaocientifica.uem.mz\/#\/schema\/person\/image\/","url":"https:\/\/secure.gravatar.com\/avatar\/5c003e58a0e1cc16cdc02b8cfeb60c17f25922638d8a8201beb678d6cbf1a170?s=96&d=mm&r=g","contentUrl":"https:\/\/secure.gravatar.com\/avatar\/5c003e58a0e1cc16cdc02b8cfeb60c17f25922638d8a8201beb678d6cbf1a170?s=96&d=mm&r=g","caption":"Uaite Primeiro"}}]}},"rttpg_featured_image_url":{"full":["https:\/\/direcaocientifica.uem.mz\/wp-content\/uploads\/2025\/11\/Lab-visit-4.jpeg",960,1280,false],"landscape":["https:\/\/direcaocientifica.uem.mz\/wp-content\/uploads\/2025\/11\/Lab-visit-4.jpeg",960,1280,false],"portraits":["https:\/\/direcaocientifica.uem.mz\/wp-content\/uploads\/2025\/11\/Lab-visit-4.jpeg",960,1280,false],"thumbnail":["https:\/\/direcaocientifica.uem.mz\/wp-content\/uploads\/2025\/11\/Lab-visit-4-150x150.jpeg",150,150,true],"medium":["https:\/\/direcaocientifica.uem.mz\/wp-content\/uploads\/2025\/11\/Lab-visit-4-225x300.jpeg",225,300,true],"large":["https:\/\/direcaocientifica.uem.mz\/wp-content\/uploads\/2025\/11\/Lab-visit-4-768x1024.jpeg",768,1024,true],"1536x1536":["https:\/\/direcaocientifica.uem.mz\/wp-content\/uploads\/2025\/11\/Lab-visit-4.jpeg",960,1280,false],"2048x2048":["https:\/\/direcaocientifica.uem.mz\/wp-content\/uploads\/2025\/11\/Lab-visit-4.jpeg",960,1280,false]},"rttpg_author":{"display_name":"Uaite Primeiro","author_link":"https:\/\/direcaocientifica.uem.mz\/?author=6"},"rttpg_comment":4,"rttpg_category":"<a href=\"https:\/\/direcaocientifica.uem.mz\/?cat=3\" rel=\"category\">Noticias<\/a>","rttpg_excerpt":"No \u00e2mbito das actividades do projecto SARIMA da Direc\u00e7\u00e3o Cient\u00edfica, designadamente Gest\u00e3o de Infraestrutura de Investiga\u00e7\u00e3o que visa o fortalecimento das actividades de gest\u00e3o de infraestruturas de investiga\u00e7\u00e3o, a Universidade Eduardo Mondlane (UEM) recebeu, entre os dias 4 e 5 de Novembro de 2025, a Funda\u00e7\u00e3o Oswaldo Cruz (Fiocruz), do Brasil, representadas por Profa. C\u00e1ssia&hellip;","_links":{"self":[{"href":"https:\/\/direcaocientifica.uem.mz\/index.php?rest_route=\/wp\/v2\/posts\/2112","targetHints":{"allow":["GET"]}}],"collection":[{"href":"https:\/\/direcaocientifica.uem.mz\/index.php?rest_route=\/wp\/v2\/posts"}],"about":[{"href":"https:\/\/direcaocientifica.uem.mz\/index.php?rest_route=\/wp\/v2\/types\/post"}],"author":[{"embeddable":true,"href":"https:\/\/direcaocientifica.uem.mz\/index.php?rest_route=\/wp\/v2\/users\/6"}],"replies":[{"embeddable":true,"href":"https:\/\/direcaocientifica.uem.mz\/index.php?rest_route=%2Fwp%2Fv2%2Fcomments&post=2112"}],"version-history":[{"count":30,"href":"https:\/\/direcaocientifica.uem.mz\/index.php?rest_route=\/wp\/v2\/posts\/2112\/revisions"}],"predecessor-version":[{"id":2172,"href":"https:\/\/direcaocientifica.uem.mz\/index.php?rest_route=\/wp\/v2\/posts\/2112\/revisions\/2172"}],"wp:featuredmedia":[{"embeddable":true,"href":"https:\/\/direcaocientifica.uem.mz\/index.php?rest_route=\/wp\/v2\/media\/2117"}],"wp:attachment":[{"href":"https:\/\/direcaocientifica.uem.mz\/index.php?rest_route=%2Fwp%2Fv2%2Fmedia&parent=2112"}],"wp:term":[{"taxonomy":"category","embeddable":true,"href":"https:\/\/direcaocientifica.uem.mz\/index.php?rest_route=%2Fwp%2Fv2%2Fcategories&post=2112"},{"taxonomy":"post_tag","embeddable":true,"href":"https:\/\/direcaocientifica.uem.mz\/index.php?rest_route=%2Fwp%2Fv2%2Ftags&post=2112"}],"curies":[{"name":"wp","href":"https:\/\/api.w.org\/{rel}","templated":true}]}}