{"id":2097,"date":"2025-11-10T08:00:08","date_gmt":"2025-11-10T08:00:08","guid":{"rendered":"https:\/\/direcaocientifica.uem.mz\/?p=2097"},"modified":"2025-11-10T08:03:30","modified_gmt":"2025-11-10T08:03:30","slug":"participacao-da-uem-no-primeiro-seminario-internacional-brama-de-gestao-de-pesquisa","status":"publish","type":"post","link":"https:\/\/direcaocientifica.uem.mz\/?p=2097","title":{"rendered":"Participa\u00e7\u00e3o da UEM no Primeiro Semin\u00e1rio Internacional BRAMA de Gest\u00e3o de Pesquisa"},"content":{"rendered":"\t\t<div data-elementor-type=\"wp-post\" data-elementor-id=\"2097\" class=\"elementor elementor-2097\">\n\t\t\t\t<div class=\"elementor-element elementor-element-9498671 e-flex e-con-boxed e-con e-parent\" data-id=\"9498671\" data-element_type=\"container\">\n\t\t\t\t\t<div class=\"e-con-inner\">\n\t\t\t\t<div class=\"elementor-element elementor-element-03043a9 elementor-widget elementor-widget-text-editor\" data-id=\"03043a9\" data-element_type=\"widget\" data-widget_type=\"text-editor.default\">\n\t\t\t\t<div class=\"elementor-widget-container\">\n\t\t\t\t\t\t\t\t\t<p>A Universidade Eduardo Mondlane (UEM) marcou presen\u00e7a no Primeiro Semin\u00e1rio Internacional da Associa\u00e7\u00e3o Brasileira de Gestores de Pesquisa (BRAMA). Sob o lema <em>Conectando pesquisadores e gestores: a colabora\u00e7\u00e3o que impulsiona o sucesso da pesquisa, <\/em>o evento foi realizado entre os dias 3 e 5 de Novembro de 2025, no Insper, em S\u00e3o Paulo, Brasil. A convite da Southern African Research and Innovation Management Association, parceira da BRAMA no projecto de fortalecimento de capacidades institucionais e de implementa\u00e7\u00e3o de novas abordagens na gest\u00e3o da investiga\u00e7\u00e3o, a UEM foi representada pelo Mestre Uaite Primeiro, Gestor de Investiga\u00e7\u00e3o afecto ao Departamento de Investiga\u00e7\u00e3o, Extens\u00e3o e Desenvolvimento da Direc\u00e7\u00e3o Cient\u00edfica e ponto focal do projecto SARIMA ao n\u00edvel da UEM.<\/p>\n<p><\/p>\n<p>O evento reuniu l\u00edderes universit\u00e1rios, professores, gestores de investiga\u00e7\u00e3o, investigadores e gestores de projectos de v\u00e1rias partes do Brasil e do mundo, num espa\u00e7o de partilha de experi\u00eancias e boas pr\u00e1ticas sobre gest\u00e3o de investiga\u00e7\u00e3o e seu papel no fortalecimento do desenvolvimento acad\u00e9mico e cient\u00edfico. Entre outros pontos relevantes, o semin\u00e1rio destacou a Intelig\u00eancia Artificial (IA) como um instrumento vital, capaz de tornar a gest\u00e3o da investiga\u00e7\u00e3o mais flex\u00edvel, eficiente e alinhada com as demandas contempor\u00e2neas. Igualmente, foram discutidos os desafios que muitas institui\u00e7\u00f5es enfrentam na inclus\u00e3o desses instrumentos, especialmente considerando que nem todas disp\u00f5em de pol\u00edticas claras para o uso da IA, o que exige desenvolvimento de normas, capacita\u00e7\u00e3o de equipas e estrat\u00e9gias para integra\u00e7\u00e3o segura e \u00e9tica dessas tecnologias.<\/p>\n<p><\/p>\n<p>A participa\u00e7\u00e3o do Mestre Uaite Primeiro enquadrava-se na mesa redonda intitulada <em>\u201cProjecto SARIMA: Construindo o futuro da lideran\u00e7a em gest\u00e3o de pesquisa em \u00c1frica\u201d<\/em> que visava colher experi\u00eancias da UEM na sua rela\u00e7\u00e3o com a BRAMA enquanto mentora de tr\u00eas \u00e1reas de interven\u00e7\u00e3o do projecto, nomeadamente <em>Comunica\u00e7\u00e3o da Ci\u00eancia, Mobiliza\u00e7\u00e3o de Recursos para Investiga\u00e7\u00e3o <\/em>e<em> Gest\u00e3o de Infraestruturas de Investiga\u00e7\u00e3o<\/em>. Na sua interven\u00e7\u00e3o, destacou os avan\u00e7os significativos alcan\u00e7ados no \u00e2mbito da parceria, salientando tamb\u00e9m os aspectos que ainda requerem maior aten\u00e7\u00e3o para que os objectivos estabelecidos sejam plenamente atingidos dentro dos prazos previstos:&nbsp;<em style=\"font-weight: inherit;\">\u201cTemos registado progressos encorajadores nesta colabora\u00e7\u00e3o dada a experi\u00eancia dos mentores e a facilidade de comunica<\/em><em style=\"font-weight: inherit;\">\u00e7\u00e3o<\/em><em style=\"font-weight: inherit;\"> entre as duas partes. Por\u00e9m, \u00e9 fundamental manter o foco em alguns pontos estrat\u00e9gicos para garantir que todas as metas sejam alcan\u00e7adas de forma sustent\u00e1vel e no tempo previsto<\/em><span style=\"font-style: inherit; font-weight: inherit;\">\u201d, afirmou o interlocutor.<\/span><\/p>\n<p>Na \u00f3ptica do visado, eventos dessa natureza s\u00e3o essenciais para a comunidade acad\u00e9mica, uma vez que as novas abordagens em gest\u00e3o da investiga\u00e7\u00e3o, especialmente as associadas a tecnologias emergentes, est\u00e3o em r\u00e1pida evolu\u00e7\u00e3o e exigem actualiza\u00e7\u00e3o constante por parte das institui\u00e7\u00f5es de ensino superior. O semin\u00e1rio destacou-se pelo interc\u00e2mbio de perspectivas e pelo fomento a redes de colabora\u00e7\u00e3o, permitindo uma compreens\u00e3o mais aprofundada da profiss\u00e3o de gestor de investiga\u00e7\u00e3o e promovendo oportunidades de networking e parcerias futuras.<\/p>\t\t\t\t\t\t\t\t<\/div>\n\t\t\t\t<\/div>\n\t\t\t\t\t<\/div>\n\t\t\t\t<\/div>\n\t\t<div class=\"elementor-element elementor-element-479381d e-grid e-con-boxed e-con e-parent\" data-id=\"479381d\" data-element_type=\"container\">\n\t\t\t\t\t<div class=\"e-con-inner\">\n\t\t\t\t<div class=\"elementor-element elementor-element-aa3a2f8 elementor-widget elementor-widget-image\" data-id=\"aa3a2f8\" data-element_type=\"widget\" data-widget_type=\"image.default\">\n\t\t\t\t<div class=\"elementor-widget-container\">\n\t\t\t\t\t\t\t\t\t\t\t\t\t\t\t<img fetchpriority=\"high\" decoding=\"async\" width=\"1024\" height=\"768\" src=\"https:\/\/direcaocientifica.uem.mz\/wp-content\/uploads\/2025\/11\/Attachment_Round-table-Participation-Photo-1024x768.jpg\" class=\"attachment-large size-large wp-image-2101\" alt=\"\" srcset=\"https:\/\/direcaocientifica.uem.mz\/wp-content\/uploads\/2025\/11\/Attachment_Round-table-Participation-Photo-1024x768.jpg 1024w, https:\/\/direcaocientifica.uem.mz\/wp-content\/uploads\/2025\/11\/Attachment_Round-table-Participation-Photo-300x225.jpg 300w, https:\/\/direcaocientifica.uem.mz\/wp-content\/uploads\/2025\/11\/Attachment_Round-table-Participation-Photo-768x576.jpg 768w, https:\/\/direcaocientifica.uem.mz\/wp-content\/uploads\/2025\/11\/Attachment_Round-table-Participation-Photo-1536x1152.jpg 1536w, https:\/\/direcaocientifica.uem.mz\/wp-content\/uploads\/2025\/11\/Attachment_Round-table-Participation-Photo.jpg 1600w\" sizes=\"(max-width: 1024px) 100vw, 1024px\" \/>\t\t\t\t\t\t\t\t\t\t\t\t\t\t\t<\/div>\n\t\t\t\t<\/div>\n\t\t\t\t<div class=\"elementor-element elementor-element-78a071b elementor-widget elementor-widget-image\" data-id=\"78a071b\" data-element_type=\"widget\" data-widget_type=\"image.default\">\n\t\t\t\t<div class=\"elementor-widget-container\">\n\t\t\t\t\t\t\t\t\t\t\t\t\t\t\t<img decoding=\"async\" width=\"1024\" height=\"683\" src=\"https:\/\/direcaocientifica.uem.mz\/wp-content\/uploads\/2025\/11\/Attachment_Round-Table-Panel-Group-Photo-1024x683.jpeg\" class=\"attachment-large size-large wp-image-2100\" alt=\"\" srcset=\"https:\/\/direcaocientifica.uem.mz\/wp-content\/uploads\/2025\/11\/Attachment_Round-Table-Panel-Group-Photo-1024x683.jpeg 1024w, https:\/\/direcaocientifica.uem.mz\/wp-content\/uploads\/2025\/11\/Attachment_Round-Table-Panel-Group-Photo-300x200.jpeg 300w, https:\/\/direcaocientifica.uem.mz\/wp-content\/uploads\/2025\/11\/Attachment_Round-Table-Panel-Group-Photo-768x512.jpeg 768w, https:\/\/direcaocientifica.uem.mz\/wp-content\/uploads\/2025\/11\/Attachment_Round-Table-Panel-Group-Photo-1536x1024.jpeg 1536w, https:\/\/direcaocientifica.uem.mz\/wp-content\/uploads\/2025\/11\/Attachment_Round-Table-Panel-Group-Photo.jpeg 2048w\" sizes=\"(max-width: 1024px) 100vw, 1024px\" \/>\t\t\t\t\t\t\t\t\t\t\t\t\t\t\t<\/div>\n\t\t\t\t<\/div>\n\t\t\t\t<div class=\"elementor-element elementor-element-e231f71 elementor-widget elementor-widget-image\" data-id=\"e231f71\" data-element_type=\"widget\" data-widget_type=\"image.default\">\n\t\t\t\t<div class=\"elementor-widget-container\">\n\t\t\t\t\t\t\t\t\t\t\t\t\t\t\t<img decoding=\"async\" width=\"1024\" height=\"683\" src=\"https:\/\/direcaocientifica.uem.mz\/wp-content\/uploads\/2025\/11\/Attachment_BRAMA-Seminar-Group-photo-1024x683.jpeg\" class=\"attachment-large size-large wp-image-2099\" alt=\"\" srcset=\"https:\/\/direcaocientifica.uem.mz\/wp-content\/uploads\/2025\/11\/Attachment_BRAMA-Seminar-Group-photo-1024x683.jpeg 1024w, https:\/\/direcaocientifica.uem.mz\/wp-content\/uploads\/2025\/11\/Attachment_BRAMA-Seminar-Group-photo-300x200.jpeg 300w, https:\/\/direcaocientifica.uem.mz\/wp-content\/uploads\/2025\/11\/Attachment_BRAMA-Seminar-Group-photo-768x512.jpeg 768w, https:\/\/direcaocientifica.uem.mz\/wp-content\/uploads\/2025\/11\/Attachment_BRAMA-Seminar-Group-photo-1536x1024.jpeg 1536w, https:\/\/direcaocientifica.uem.mz\/wp-content\/uploads\/2025\/11\/Attachment_BRAMA-Seminar-Group-photo.jpeg 2048w\" sizes=\"(max-width: 1024px) 100vw, 1024px\" \/>\t\t\t\t\t\t\t\t\t\t\t\t\t\t\t<\/div>\n\t\t\t\t<\/div>\n\t\t\t\t<div class=\"elementor-element elementor-element-6273f55 elementor-widget elementor-widget-image\" data-id=\"6273f55\" data-element_type=\"widget\" data-widget_type=\"image.default\">\n\t\t\t\t<div class=\"elementor-widget-container\">\n\t\t\t\t\t\t\t\t\t\t\t\t\t\t\t<img loading=\"lazy\" decoding=\"async\" width=\"1024\" height=\"768\" src=\"https:\/\/direcaocientifica.uem.mz\/wp-content\/uploads\/2025\/11\/7-1024x768.jpg\" class=\"attachment-large size-large wp-image-2102\" alt=\"\" srcset=\"https:\/\/direcaocientifica.uem.mz\/wp-content\/uploads\/2025\/11\/7-1024x768.jpg 1024w, https:\/\/direcaocientifica.uem.mz\/wp-content\/uploads\/2025\/11\/7-300x225.jpg 300w, https:\/\/direcaocientifica.uem.mz\/wp-content\/uploads\/2025\/11\/7-768x576.jpg 768w, https:\/\/direcaocientifica.uem.mz\/wp-content\/uploads\/2025\/11\/7-1536x1152.jpg 1536w, https:\/\/direcaocientifica.uem.mz\/wp-content\/uploads\/2025\/11\/7.jpg 1600w\" sizes=\"(max-width: 1024px) 100vw, 1024px\" \/>\t\t\t\t\t\t\t\t\t\t\t\t\t\t\t<\/div>\n\t\t\t\t<\/div>\n\t\t\t\t\t<\/div>\n\t\t\t\t<\/div>\n\t\t\t\t<\/div>\n\t\t","protected":false},"excerpt":{"rendered":"<p>A Universidade Eduardo Mondlane (UEM) marcou presen\u00e7a no Primeiro Semin\u00e1rio Internacional da Associa\u00e7\u00e3o Brasileira de Gestores de Pesquisa (BRAMA). Sob o lema Conectando pesquisadores e gestores: a colabora\u00e7\u00e3o que impulsiona o sucesso da pesquisa, o evento foi realizado entre os dias 3 e 5 de Novembro de 2025, no Insper, em S\u00e3o Paulo, Brasil. A [&hellip;]<\/p>\n","protected":false},"author":6,"featured_media":2101,"comment_status":"open","ping_status":"open","sticky":false,"template":"","format":"standard","meta":{"inline_featured_image":false,"site-sidebar-layout":"default","site-content-layout":"","ast-site-content-layout":"","site-content-style":"default","site-sidebar-style":"default","ast-global-header-display":"","ast-banner-title-visibility":"","ast-main-header-display":"","ast-hfb-above-header-display":"","ast-hfb-below-header-display":"","ast-hfb-mobile-header-display":"","site-post-title":"","ast-breadcrumbs-content":"","ast-featured-img":"","footer-sml-layout":"","theme-transparent-header-meta":"","adv-header-id-meta":"","stick-header-meta":"","header-above-stick-meta":"","header-main-stick-meta":"","header-below-stick-meta":"","astra-migrate-meta-layouts":"default","ast-page-background-enabled":"default","ast-page-background-meta":{"desktop":{"background-color":"var(--ast-global-color-5)","background-image":"","background-repeat":"repeat","background-position":"center center","background-size":"auto","background-attachment":"scroll","background-type":"","background-media":"","overlay-type":"","overlay-color":"","overlay-opacity":"","overlay-gradient":""},"tablet":{"background-color":"","background-image":"","background-repeat":"repeat","background-position":"center center","background-size":"auto","background-attachment":"scroll","background-type":"","background-media":"","overlay-type":"","overlay-color":"","overlay-opacity":"","overlay-gradient":""},"mobile":{"background-color":"","background-image":"","background-repeat":"repeat","background-position":"center center","background-size":"auto","background-attachment":"scroll","background-type":"","background-media":"","overlay-type":"","overlay-color":"","overlay-opacity":"","overlay-gradient":""}},"ast-content-background-meta":{"desktop":{"background-color":"var(--ast-global-color-4)","background-image":"","background-repeat":"repeat","background-position":"center center","background-size":"auto","background-attachment":"scroll","background-type":"","background-media":"","overlay-type":"","overlay-color":"","overlay-opacity":"","overlay-gradient":""},"tablet":{"background-color":"var(--ast-global-color-4)","background-image":"","background-repeat":"repeat","background-position":"center center","background-size":"auto","background-attachment":"scroll","background-type":"","background-media":"","overlay-type":"","overlay-color":"","overlay-opacity":"","overlay-gradient":""},"mobile":{"background-color":"var(--ast-global-color-4)","background-image":"","background-repeat":"repeat","background-position":"center center","background-size":"auto","background-attachment":"scroll","background-type":"","background-media":"","overlay-type":"","overlay-color":"","overlay-opacity":"","overlay-gradient":""}},"footnotes":""},"categories":[3],"tags":[],"class_list":["post-2097","post","type-post","status-publish","format-standard","has-post-thumbnail","hentry","category-noticias"],"yoast_head":"<!-- This site is optimized with the Yoast SEO plugin v26.3 - https:\/\/yoast.com\/wordpress\/plugins\/seo\/ -->\n<title>Participa\u00e7\u00e3o da UEM no Primeiro Semin\u00e1rio Internacional BRAMA de Gest\u00e3o de Pesquisa<\/title>\n<meta name=\"description\" content=\"A Universidade Eduardo Mondlane (UEM) marcou presen\u00e7a no Primeiro Semin\u00e1rio Internacional da Associa\u00e7\u00e3o Brasileira de Gestores de Pesquisa (BRAMA). Sob o\" \/>\n<meta name=\"robots\" content=\"index, follow, max-snippet:-1, max-image-preview:large, max-video-preview:-1\" \/>\n<link rel=\"canonical\" href=\"https:\/\/direcaocientifica.uem.mz\/?p=2097\" \/>\n<meta property=\"og:locale\" content=\"pt_PT\" \/>\n<meta property=\"og:type\" content=\"article\" \/>\n<meta property=\"og:title\" content=\"Participa\u00e7\u00e3o da UEM no Primeiro Semin\u00e1rio Internacional BRAMA de Gest\u00e3o de Pesquisa\" \/>\n<meta property=\"og:description\" content=\"A Universidade Eduardo Mondlane (UEM) marcou presen\u00e7a no Primeiro Semin\u00e1rio Internacional da Associa\u00e7\u00e3o Brasileira de Gestores de Pesquisa (BRAMA). Sob o\" \/>\n<meta property=\"og:url\" content=\"https:\/\/direcaocientifica.uem.mz\/?p=2097\" \/>\n<meta property=\"og:site_name\" content=\"Direc\u00e7\u00e3o Cientifica\" \/>\n<meta property=\"article:published_time\" content=\"2025-11-10T08:00:08+00:00\" \/>\n<meta property=\"article:modified_time\" content=\"2025-11-10T08:03:30+00:00\" \/>\n<meta property=\"og:image\" content=\"https:\/\/direcaocientifica.uem.mz\/wp-content\/uploads\/2025\/11\/Attachment_Round-table-Participation-Photo.jpg\" \/>\n\t<meta property=\"og:image:width\" content=\"1600\" \/>\n\t<meta property=\"og:image:height\" content=\"1200\" \/>\n\t<meta property=\"og:image:type\" content=\"image\/jpeg\" \/>\n<meta name=\"author\" content=\"Uaite Primeiro\" \/>\n<meta name=\"twitter:card\" content=\"summary_large_image\" \/>\n<meta name=\"twitter:label1\" content=\"Escrito por\" \/>\n\t<meta name=\"twitter:data1\" content=\"Uaite Primeiro\" \/>\n\t<meta name=\"twitter:label2\" content=\"Tempo estimado de leitura\" \/>\n\t<meta name=\"twitter:data2\" content=\"4 minutos\" \/>\n<script type=\"application\/ld+json\" class=\"yoast-schema-graph\">{\"@context\":\"https:\/\/schema.org\",\"@graph\":[{\"@type\":\"WebPage\",\"@id\":\"https:\/\/direcaocientifica.uem.mz\/?p=2097\",\"url\":\"https:\/\/direcaocientifica.uem.mz\/?p=2097\",\"name\":\"Participa\u00e7\u00e3o da UEM no Primeiro Semin\u00e1rio Internacional BRAMA de Gest\u00e3o de Pesquisa\",\"isPartOf\":{\"@id\":\"https:\/\/direcaocientifica.uem.mz\/#website\"},\"primaryImageOfPage\":{\"@id\":\"https:\/\/direcaocientifica.uem.mz\/?p=2097#primaryimage\"},\"image\":{\"@id\":\"https:\/\/direcaocientifica.uem.mz\/?p=2097#primaryimage\"},\"thumbnailUrl\":\"https:\/\/direcaocientifica.uem.mz\/wp-content\/uploads\/2025\/11\/Attachment_Round-table-Participation-Photo.jpg\",\"datePublished\":\"2025-11-10T08:00:08+00:00\",\"dateModified\":\"2025-11-10T08:03:30+00:00\",\"author\":{\"@id\":\"https:\/\/direcaocientifica.uem.mz\/#\/schema\/person\/b6a79584a4a6ed9e6b3e5610c9fc7b29\"},\"description\":\"A Universidade Eduardo Mondlane (UEM) marcou presen\u00e7a no Primeiro Semin\u00e1rio Internacional da Associa\u00e7\u00e3o Brasileira de Gestores de Pesquisa (BRAMA). Sob o\",\"breadcrumb\":{\"@id\":\"https:\/\/direcaocientifica.uem.mz\/?p=2097#breadcrumb\"},\"inLanguage\":\"pt-PT\",\"potentialAction\":[{\"@type\":\"ReadAction\",\"target\":[\"https:\/\/direcaocientifica.uem.mz\/?p=2097\"]}]},{\"@type\":\"ImageObject\",\"inLanguage\":\"pt-PT\",\"@id\":\"https:\/\/direcaocientifica.uem.mz\/?p=2097#primaryimage\",\"url\":\"https:\/\/direcaocientifica.uem.mz\/wp-content\/uploads\/2025\/11\/Attachment_Round-table-Participation-Photo.jpg\",\"contentUrl\":\"https:\/\/direcaocientifica.uem.mz\/wp-content\/uploads\/2025\/11\/Attachment_Round-table-Participation-Photo.jpg\",\"width\":1600,\"height\":1200},{\"@type\":\"BreadcrumbList\",\"@id\":\"https:\/\/direcaocientifica.uem.mz\/?p=2097#breadcrumb\",\"itemListElement\":[{\"@type\":\"ListItem\",\"position\":1,\"name\":\"Home\",\"item\":\"https:\/\/direcaocientifica.uem.mz\/\"},{\"@type\":\"ListItem\",\"position\":2,\"name\":\"Participa\u00e7\u00e3o da UEM no Primeiro Semin\u00e1rio Internacional BRAMA de Gest\u00e3o de Pesquisa\"}]},{\"@type\":\"WebSite\",\"@id\":\"https:\/\/direcaocientifica.uem.mz\/#website\",\"url\":\"https:\/\/direcaocientifica.uem.mz\/\",\"name\":\"Direc\u00e7\u00e3o Cientifica\",\"description\":\"\",\"alternateName\":\"DC\",\"potentialAction\":[{\"@type\":\"SearchAction\",\"target\":{\"@type\":\"EntryPoint\",\"urlTemplate\":\"https:\/\/direcaocientifica.uem.mz\/?s={search_term_string}\"},\"query-input\":{\"@type\":\"PropertyValueSpecification\",\"valueRequired\":true,\"valueName\":\"search_term_string\"}}],\"inLanguage\":\"pt-PT\"},{\"@type\":\"Person\",\"@id\":\"https:\/\/direcaocientifica.uem.mz\/#\/schema\/person\/b6a79584a4a6ed9e6b3e5610c9fc7b29\",\"name\":\"Uaite Primeiro\",\"image\":{\"@type\":\"ImageObject\",\"inLanguage\":\"pt-PT\",\"@id\":\"https:\/\/direcaocientifica.uem.mz\/#\/schema\/person\/image\/\",\"url\":\"https:\/\/secure.gravatar.com\/avatar\/5c003e58a0e1cc16cdc02b8cfeb60c17f25922638d8a8201beb678d6cbf1a170?s=96&d=mm&r=g\",\"contentUrl\":\"https:\/\/secure.gravatar.com\/avatar\/5c003e58a0e1cc16cdc02b8cfeb60c17f25922638d8a8201beb678d6cbf1a170?s=96&d=mm&r=g\",\"caption\":\"Uaite Primeiro\"}}]}<\/script>\n<!-- \/ Yoast SEO plugin. -->","yoast_head_json":{"title":"Participa\u00e7\u00e3o da UEM no Primeiro Semin\u00e1rio Internacional BRAMA de Gest\u00e3o de Pesquisa","description":"A Universidade Eduardo Mondlane (UEM) marcou presen\u00e7a no Primeiro Semin\u00e1rio Internacional da Associa\u00e7\u00e3o Brasileira de Gestores de Pesquisa (BRAMA). Sob o","robots":{"index":"index","follow":"follow","max-snippet":"max-snippet:-1","max-image-preview":"max-image-preview:large","max-video-preview":"max-video-preview:-1"},"canonical":"https:\/\/direcaocientifica.uem.mz\/?p=2097","og_locale":"pt_PT","og_type":"article","og_title":"Participa\u00e7\u00e3o da UEM no Primeiro Semin\u00e1rio Internacional BRAMA de Gest\u00e3o de Pesquisa","og_description":"A Universidade Eduardo Mondlane (UEM) marcou presen\u00e7a no Primeiro Semin\u00e1rio Internacional da Associa\u00e7\u00e3o Brasileira de Gestores de Pesquisa (BRAMA). Sob o","og_url":"https:\/\/direcaocientifica.uem.mz\/?p=2097","og_site_name":"Direc\u00e7\u00e3o Cientifica","article_published_time":"2025-11-10T08:00:08+00:00","article_modified_time":"2025-11-10T08:03:30+00:00","og_image":[{"width":1600,"height":1200,"url":"https:\/\/direcaocientifica.uem.mz\/wp-content\/uploads\/2025\/11\/Attachment_Round-table-Participation-Photo.jpg","type":"image\/jpeg"}],"author":"Uaite Primeiro","twitter_card":"summary_large_image","twitter_misc":{"Escrito por":"Uaite Primeiro","Tempo estimado de leitura":"4 minutos"},"schema":{"@context":"https:\/\/schema.org","@graph":[{"@type":"WebPage","@id":"https:\/\/direcaocientifica.uem.mz\/?p=2097","url":"https:\/\/direcaocientifica.uem.mz\/?p=2097","name":"Participa\u00e7\u00e3o da UEM no Primeiro Semin\u00e1rio Internacional BRAMA de Gest\u00e3o de Pesquisa","isPartOf":{"@id":"https:\/\/direcaocientifica.uem.mz\/#website"},"primaryImageOfPage":{"@id":"https:\/\/direcaocientifica.uem.mz\/?p=2097#primaryimage"},"image":{"@id":"https:\/\/direcaocientifica.uem.mz\/?p=2097#primaryimage"},"thumbnailUrl":"https:\/\/direcaocientifica.uem.mz\/wp-content\/uploads\/2025\/11\/Attachment_Round-table-Participation-Photo.jpg","datePublished":"2025-11-10T08:00:08+00:00","dateModified":"2025-11-10T08:03:30+00:00","author":{"@id":"https:\/\/direcaocientifica.uem.mz\/#\/schema\/person\/b6a79584a4a6ed9e6b3e5610c9fc7b29"},"description":"A Universidade Eduardo Mondlane (UEM) marcou presen\u00e7a no Primeiro Semin\u00e1rio Internacional da Associa\u00e7\u00e3o Brasileira de Gestores de Pesquisa (BRAMA). Sob o","breadcrumb":{"@id":"https:\/\/direcaocientifica.uem.mz\/?p=2097#breadcrumb"},"inLanguage":"pt-PT","potentialAction":[{"@type":"ReadAction","target":["https:\/\/direcaocientifica.uem.mz\/?p=2097"]}]},{"@type":"ImageObject","inLanguage":"pt-PT","@id":"https:\/\/direcaocientifica.uem.mz\/?p=2097#primaryimage","url":"https:\/\/direcaocientifica.uem.mz\/wp-content\/uploads\/2025\/11\/Attachment_Round-table-Participation-Photo.jpg","contentUrl":"https:\/\/direcaocientifica.uem.mz\/wp-content\/uploads\/2025\/11\/Attachment_Round-table-Participation-Photo.jpg","width":1600,"height":1200},{"@type":"BreadcrumbList","@id":"https:\/\/direcaocientifica.uem.mz\/?p=2097#breadcrumb","itemListElement":[{"@type":"ListItem","position":1,"name":"Home","item":"https:\/\/direcaocientifica.uem.mz\/"},{"@type":"ListItem","position":2,"name":"Participa\u00e7\u00e3o da UEM no Primeiro Semin\u00e1rio Internacional BRAMA de Gest\u00e3o de Pesquisa"}]},{"@type":"WebSite","@id":"https:\/\/direcaocientifica.uem.mz\/#website","url":"https:\/\/direcaocientifica.uem.mz\/","name":"Direc\u00e7\u00e3o Cientifica","description":"","alternateName":"DC","potentialAction":[{"@type":"SearchAction","target":{"@type":"EntryPoint","urlTemplate":"https:\/\/direcaocientifica.uem.mz\/?s={search_term_string}"},"query-input":{"@type":"PropertyValueSpecification","valueRequired":true,"valueName":"search_term_string"}}],"inLanguage":"pt-PT"},{"@type":"Person","@id":"https:\/\/direcaocientifica.uem.mz\/#\/schema\/person\/b6a79584a4a6ed9e6b3e5610c9fc7b29","name":"Uaite Primeiro","image":{"@type":"ImageObject","inLanguage":"pt-PT","@id":"https:\/\/direcaocientifica.uem.mz\/#\/schema\/person\/image\/","url":"https:\/\/secure.gravatar.com\/avatar\/5c003e58a0e1cc16cdc02b8cfeb60c17f25922638d8a8201beb678d6cbf1a170?s=96&d=mm&r=g","contentUrl":"https:\/\/secure.gravatar.com\/avatar\/5c003e58a0e1cc16cdc02b8cfeb60c17f25922638d8a8201beb678d6cbf1a170?s=96&d=mm&r=g","caption":"Uaite Primeiro"}}]}},"rttpg_featured_image_url":{"full":["https:\/\/direcaocientifica.uem.mz\/wp-content\/uploads\/2025\/11\/Attachment_Round-table-Participation-Photo.jpg",1600,1200,false],"landscape":["https:\/\/direcaocientifica.uem.mz\/wp-content\/uploads\/2025\/11\/Attachment_Round-table-Participation-Photo.jpg",1600,1200,false],"portraits":["https:\/\/direcaocientifica.uem.mz\/wp-content\/uploads\/2025\/11\/Attachment_Round-table-Participation-Photo.jpg",1600,1200,false],"thumbnail":["https:\/\/direcaocientifica.uem.mz\/wp-content\/uploads\/2025\/11\/Attachment_Round-table-Participation-Photo-150x150.jpg",150,150,true],"medium":["https:\/\/direcaocientifica.uem.mz\/wp-content\/uploads\/2025\/11\/Attachment_Round-table-Participation-Photo-300x225.jpg",300,225,true],"large":["https:\/\/direcaocientifica.uem.mz\/wp-content\/uploads\/2025\/11\/Attachment_Round-table-Participation-Photo-1024x768.jpg",1024,768,true],"1536x1536":["https:\/\/direcaocientifica.uem.mz\/wp-content\/uploads\/2025\/11\/Attachment_Round-table-Participation-Photo-1536x1152.jpg",1536,1152,true],"2048x2048":["https:\/\/direcaocientifica.uem.mz\/wp-content\/uploads\/2025\/11\/Attachment_Round-table-Participation-Photo.jpg",1600,1200,false]},"rttpg_author":{"display_name":"Uaite Primeiro","author_link":"https:\/\/direcaocientifica.uem.mz\/?author=6"},"rttpg_comment":3,"rttpg_category":"<a href=\"https:\/\/direcaocientifica.uem.mz\/?cat=3\" rel=\"category\">Noticias<\/a>","rttpg_excerpt":"A Universidade Eduardo Mondlane (UEM) marcou presen\u00e7a no Primeiro Semin\u00e1rio Internacional da Associa\u00e7\u00e3o Brasileira de Gestores de Pesquisa (BRAMA). Sob o lema Conectando pesquisadores e gestores: a colabora\u00e7\u00e3o que impulsiona o sucesso da pesquisa, o evento foi realizado entre os dias 3 e 5 de Novembro de 2025, no Insper, em S\u00e3o Paulo, Brasil. A&hellip;","_links":{"self":[{"href":"https:\/\/direcaocientifica.uem.mz\/index.php?rest_route=\/wp\/v2\/posts\/2097","targetHints":{"allow":["GET"]}}],"collection":[{"href":"https:\/\/direcaocientifica.uem.mz\/index.php?rest_route=\/wp\/v2\/posts"}],"about":[{"href":"https:\/\/direcaocientifica.uem.mz\/index.php?rest_route=\/wp\/v2\/types\/post"}],"author":[{"embeddable":true,"href":"https:\/\/direcaocientifica.uem.mz\/index.php?rest_route=\/wp\/v2\/users\/6"}],"replies":[{"embeddable":true,"href":"https:\/\/direcaocientifica.uem.mz\/index.php?rest_route=%2Fwp%2Fv2%2Fcomments&post=2097"}],"version-history":[{"count":7,"href":"https:\/\/direcaocientifica.uem.mz\/index.php?rest_route=\/wp\/v2\/posts\/2097\/revisions"}],"predecessor-version":[{"id":2110,"href":"https:\/\/direcaocientifica.uem.mz\/index.php?rest_route=\/wp\/v2\/posts\/2097\/revisions\/2110"}],"wp:featuredmedia":[{"embeddable":true,"href":"https:\/\/direcaocientifica.uem.mz\/index.php?rest_route=\/wp\/v2\/media\/2101"}],"wp:attachment":[{"href":"https:\/\/direcaocientifica.uem.mz\/index.php?rest_route=%2Fwp%2Fv2%2Fmedia&parent=2097"}],"wp:term":[{"taxonomy":"category","embeddable":true,"href":"https:\/\/direcaocientifica.uem.mz\/index.php?rest_route=%2Fwp%2Fv2%2Fcategories&post=2097"},{"taxonomy":"post_tag","embeddable":true,"href":"https:\/\/direcaocientifica.uem.mz\/index.php?rest_route=%2Fwp%2Fv2%2Ftags&post=2097"}],"curies":[{"name":"wp","href":"https:\/\/api.w.org\/{rel}","templated":true}]}}