{"id":2072,"date":"2025-10-22T10:50:10","date_gmt":"2025-10-22T10:50:10","guid":{"rendered":"https:\/\/direcaocientifica.uem.mz\/?p=2072"},"modified":"2025-10-22T10:58:07","modified_gmt":"2025-10-22T10:58:07","slug":"pesquisadora-mocambicana-recem-formada-em-saude-publica-pela-uem-propoe-solucoes-para-reduzir-a-transmissao-vertical-do-hiv","status":"publish","type":"post","link":"https:\/\/direcaocientifica.uem.mz\/?p=2072","title":{"rendered":"Pesquisadora Mo\u00e7ambicana Rec\u00e9m-Formada em Sa\u00fade P\u00fablica pela UEM Prop\u00f5e Solu\u00e7\u00f5es para Reduzir a Transmiss\u00e3o Vertical do HIV"},"content":{"rendered":"\t\t<div data-elementor-type=\"wp-post\" data-elementor-id=\"2072\" class=\"elementor elementor-2072\">\n\t\t\t\t<div class=\"elementor-element elementor-element-856fe60 e-flex e-con-boxed e-con e-parent\" data-id=\"856fe60\" data-element_type=\"container\">\n\t\t\t\t\t<div class=\"e-con-inner\">\n\t\t\t\t<div class=\"elementor-element elementor-element-4173bc9 elementor-widget elementor-widget-text-editor\" data-id=\"4173bc9\" data-element_type=\"widget\" data-widget_type=\"text-editor.default\">\n\t\t\t\t<div class=\"elementor-widget-container\">\n\t\t\t\t\t\t\t\t\t<p>As doen\u00e7as transmiss\u00edveis constituem um dos desafios de sa\u00fade p\u00fablica em Mo\u00e7ambique. A Faculdade de Medicina da Universidade Eduardo Mondlane (UEM), atrav\u00e9s de estudos desenvolvidos no \u00e2mbito do programa de Mestrado em Sa\u00fade P\u00fablica, tem contribu\u00eddo para a redu\u00e7\u00e3o dos impactos destas doen\u00e7as ao n\u00edvel nacional.<\/p><p>\u00c9 neste cen\u00e1rio que a m\u00e9dica de Cl\u00ednica Geral, N\u00e9rcia Sequeira Ronda Saca, que recentemente concluiu os seus estudos em Sa\u00fade P\u00fablica na Faculdade de Medicina, desenvolveu, sob supervis\u00e3o do Prof. Doutor\u00a0Mohsin Sidat e Prof. Doutor\u00a0 Tavares Madede, ambos da Faculdade de Medicina da UEM, e Prof. Doutor Troy D. Moon, da Tulane University dos Estados Unidos da Am\u00e9rica, o estudo intitulado \u201c<em>Factores Facilitadores e Barreiras na Implementa\u00e7\u00e3o das Directrizes do Programa de <\/em><em>Transmiss\u00e3o Vertical do HIV em tr\u00eas Unidades Sanit\u00e1rias do Distrito de Moamba<\/em>\u201d.<\/p><p>Inserido na agenda de culmina\u00e7\u00e3o do Mestrado em Sa\u00fade P\u00fablica, financiado pela <em>Fogarty International Center<\/em> do Instituto Nacional de Sa\u00fade atrav\u00e9s do Projecto <em>Vanderbilt Partnership for Research in Implementation Science Mozambique (PRISM), <\/em>no valor de $5000 USD (cinco mil d\u00f3lares americanos)<em>, <\/em>o estudo visava, entre outros, (1) analisar como estava a ser feita a implementa\u00e7\u00e3o das directrizes do programa de Preven\u00e7\u00e3o de Transmiss\u00e3o Vertical do HIV em tr\u00eas unidades sanit\u00e1rias do Distrito de Moamba, designadamente o Centro de Sa\u00fade Moamba Sede, Centro de Sa\u00fade de Tenga e o Centro de Sa\u00fade de Ressano Garcia, e (2) perceber quais eram os factores facilitadores e as barreiras para a sua implementa\u00e7\u00e3o.<\/p><p>A maior inquieta\u00e7\u00e3o da investigadora, na altura a ponto focal do programa de HIV no Distrito de Moamba, decorreu do facto de haver um n\u00famero elevado de crian\u00e7as que se infectam com o HIV devido \u00e0 transmiss\u00e3o de m\u00e3e para filho (Transmiss\u00e3o Vertical), que ao n\u00edvel do nosso pa\u00eds se situava em torno de 9% em 2023, valor considerado alto por estar acima de 5% que \u00e9 aceite pela Organiza\u00e7\u00e3o Mundial de Sa\u00fade como o limite m\u00e1ximo.<\/p><p>Assente numa metodologia mista envolvendo estudo observacional descritivo transversal, e um estudo gen\u00e9rico, baseado em entrevistas individuais a profissionais de sa\u00fade das enfermarias de Sa\u00fade Materno e Infantil, incluindo recolha de dados diversos de mulheres gr\u00e1vidas HIV positivas e de crian\u00e7as nascidas de m\u00e3es HIV positivas, o tema reveste-se de grande import\u00e2ncia, pois com os resultados foi poss\u00edvel identificar os desafios que persistem e que afectam o alcance dos resultados desejados na implementa\u00e7\u00e3o do programa de Preven\u00e7\u00e3o de Transmiss\u00e3o Vertical do HIV. Adicionalmente, foi poss\u00edvel identificar as \u00e1reas em que podem ser introduzidas mudan\u00e7as para tornar o programa mais eficaz reduzindo assim o n\u00famero de crian\u00e7as que se infectam com o HIV.<\/p><p>Com os resultados do estudo, os profissionais de sa\u00fade ter\u00e3o conhecimento sobre como est\u00e1 a ser feita a implementa\u00e7\u00e3o do Programa de Transmiss\u00e3o Vertical do HIV em Moamba e, com isso, melhorar a sua implementa\u00e7\u00e3o para obter resultados satisfat\u00f3rios. Dada a exist\u00eancia de resultados similares decorrentes de estudos realizados em outras partes do pa\u00eds, espera-se refor\u00e7ar o plano de advocacia por meio das recomenda\u00e7\u00f5es do estudo junto do Minist\u00e9rio da Sa\u00fade para aplica\u00e7\u00e3o em outras Unidades Sanit\u00e1rias. Al\u00e9m disso, ser\u00e1 feita a apresenta\u00e7\u00e3o dos resultados do estudo \u00e0s autoridades locais, designadamente a Direc\u00e7\u00e3o Distrital de Sa\u00fade Mulher e Ac\u00e7\u00e3o Social de Moamba e dos Centros de Sa\u00fade onde decorreu o estudo para dar a conhecer os resultados do estudo e tra\u00e7ar-se um plano de ac\u00e7\u00e3o conjunto para a melhoria dos desafios constatados.<\/p><p>Al\u00e9m de defesa p\u00fablica que marcou o fim de um percurso acad\u00e9mico, os resultados deste estudo tamb\u00e9m foram apresentados na <em>XIII Confer\u00eancia Cient\u00edfica da UEM, <\/em>e prev\u00ea-se a publica\u00e7\u00e3o em forma de artigo numa revista cient\u00edfica.<\/p>\t\t\t\t\t\t\t\t<\/div>\n\t\t\t\t<\/div>\n\t\t\t\t\t<\/div>\n\t\t\t\t<\/div>\n\t\t<div class=\"elementor-element elementor-element-8e6a248 e-flex e-con-boxed e-con e-parent\" data-id=\"8e6a248\" data-element_type=\"container\">\n\t\t\t\t\t<div class=\"e-con-inner\">\n\t\t\t\t<div class=\"elementor-element elementor-element-bd6918e elementor-widget elementor-widget-image\" data-id=\"bd6918e\" data-element_type=\"widget\" data-widget_type=\"image.default\">\n\t\t\t\t<div class=\"elementor-widget-container\">\n\t\t\t\t\t\t\t\t\t\t\t\t\t\t\t<img fetchpriority=\"high\" decoding=\"async\" width=\"768\" height=\"1024\" src=\"https:\/\/direcaocientifica.uem.mz\/wp-content\/uploads\/2025\/10\/Imagem-Conferencia-cientifica-768x1024.jpg\" class=\"attachment-large size-large wp-image-2075\" alt=\"\" srcset=\"https:\/\/direcaocientifica.uem.mz\/wp-content\/uploads\/2025\/10\/Imagem-Conferencia-cientifica-768x1024.jpg 768w, https:\/\/direcaocientifica.uem.mz\/wp-content\/uploads\/2025\/10\/Imagem-Conferencia-cientifica-225x300.jpg 225w, https:\/\/direcaocientifica.uem.mz\/wp-content\/uploads\/2025\/10\/Imagem-Conferencia-cientifica.jpg 960w\" sizes=\"(max-width: 768px) 100vw, 768px\" \/>\t\t\t\t\t\t\t\t\t\t\t\t\t\t\t<\/div>\n\t\t\t\t<\/div>\n\t\t\t\t<div class=\"elementor-element elementor-element-52e94c0 elementor-widget elementor-widget-image\" data-id=\"52e94c0\" data-element_type=\"widget\" data-widget_type=\"image.default\">\n\t\t\t\t<div class=\"elementor-widget-container\">\n\t\t\t\t\t\t\t\t\t\t\t\t\t\t\t<img decoding=\"async\" width=\"768\" height=\"1024\" src=\"https:\/\/direcaocientifica.uem.mz\/wp-content\/uploads\/2025\/10\/Imagem-Dissertacao--768x1024.jpg\" class=\"attachment-large size-large wp-image-2076\" alt=\"\" srcset=\"https:\/\/direcaocientifica.uem.mz\/wp-content\/uploads\/2025\/10\/Imagem-Dissertacao--768x1024.jpg 768w, https:\/\/direcaocientifica.uem.mz\/wp-content\/uploads\/2025\/10\/Imagem-Dissertacao--225x300.jpg 225w, https:\/\/direcaocientifica.uem.mz\/wp-content\/uploads\/2025\/10\/Imagem-Dissertacao-.jpg 960w\" sizes=\"(max-width: 768px) 100vw, 768px\" \/>\t\t\t\t\t\t\t\t\t\t\t\t\t\t\t<\/div>\n\t\t\t\t<\/div>\n\t\t\t\t<div class=\"elementor-element elementor-element-ba923f9 elementor-widget elementor-widget-image\" data-id=\"ba923f9\" data-element_type=\"widget\" data-widget_type=\"image.default\">\n\t\t\t\t<div class=\"elementor-widget-container\">\n\t\t\t\t\t\t\t\t\t\t\t\t\t\t\t<img decoding=\"async\" width=\"768\" height=\"1024\" src=\"https:\/\/direcaocientifica.uem.mz\/wp-content\/uploads\/2025\/10\/Imagem-Centro-de-Saude-de-Tenga-768x1024.jpg\" class=\"attachment-large size-large wp-image-2074\" alt=\"\" srcset=\"https:\/\/direcaocientifica.uem.mz\/wp-content\/uploads\/2025\/10\/Imagem-Centro-de-Saude-de-Tenga-768x1024.jpg 768w, https:\/\/direcaocientifica.uem.mz\/wp-content\/uploads\/2025\/10\/Imagem-Centro-de-Saude-de-Tenga-225x300.jpg 225w, https:\/\/direcaocientifica.uem.mz\/wp-content\/uploads\/2025\/10\/Imagem-Centro-de-Saude-de-Tenga.jpg 960w\" sizes=\"(max-width: 768px) 100vw, 768px\" \/>\t\t\t\t\t\t\t\t\t\t\t\t\t\t\t<\/div>\n\t\t\t\t<\/div>\n\t\t\t\t\t<\/div>\n\t\t\t\t<\/div>\n\t\t\t\t<\/div>\n\t\t","protected":false},"excerpt":{"rendered":"<p>As doen\u00e7as transmiss\u00edveis constituem um dos desafios de sa\u00fade p\u00fablica em Mo\u00e7ambique. A Faculdade de Medicina da Universidade Eduardo Mondlane (UEM), atrav\u00e9s de estudos desenvolvidos no \u00e2mbito do programa de Mestrado em Sa\u00fade P\u00fablica, tem contribu\u00eddo para a redu\u00e7\u00e3o dos impactos destas doen\u00e7as ao n\u00edvel nacional. \u00c9 neste cen\u00e1rio que a m\u00e9dica de Cl\u00ednica Geral, [&hellip;]<\/p>\n","protected":false},"author":6,"featured_media":2074,"comment_status":"open","ping_status":"open","sticky":false,"template":"","format":"standard","meta":{"inline_featured_image":false,"site-sidebar-layout":"default","site-content-layout":"","ast-site-content-layout":"","site-content-style":"default","site-sidebar-style":"default","ast-global-header-display":"","ast-banner-title-visibility":"","ast-main-header-display":"","ast-hfb-above-header-display":"","ast-hfb-below-header-display":"","ast-hfb-mobile-header-display":"","site-post-title":"","ast-breadcrumbs-content":"","ast-featured-img":"","footer-sml-layout":"","theme-transparent-header-meta":"","adv-header-id-meta":"","stick-header-meta":"","header-above-stick-meta":"","header-main-stick-meta":"","header-below-stick-meta":"","astra-migrate-meta-layouts":"default","ast-page-background-enabled":"default","ast-page-background-meta":{"desktop":{"background-color":"var(--ast-global-color-5)","background-image":"","background-repeat":"repeat","background-position":"center center","background-size":"auto","background-attachment":"scroll","background-type":"","background-media":"","overlay-type":"","overlay-color":"","overlay-opacity":"","overlay-gradient":""},"tablet":{"background-color":"","background-image":"","background-repeat":"repeat","background-position":"center center","background-size":"auto","background-attachment":"scroll","background-type":"","background-media":"","overlay-type":"","overlay-color":"","overlay-opacity":"","overlay-gradient":""},"mobile":{"background-color":"","background-image":"","background-repeat":"repeat","background-position":"center center","background-size":"auto","background-attachment":"scroll","background-type":"","background-media":"","overlay-type":"","overlay-color":"","overlay-opacity":"","overlay-gradient":""}},"ast-content-background-meta":{"desktop":{"background-color":"var(--ast-global-color-4)","background-image":"","background-repeat":"repeat","background-position":"center center","background-size":"auto","background-attachment":"scroll","background-type":"","background-media":"","overlay-type":"","overlay-color":"","overlay-opacity":"","overlay-gradient":""},"tablet":{"background-color":"var(--ast-global-color-4)","background-image":"","background-repeat":"repeat","background-position":"center center","background-size":"auto","background-attachment":"scroll","background-type":"","background-media":"","overlay-type":"","overlay-color":"","overlay-opacity":"","overlay-gradient":""},"mobile":{"background-color":"var(--ast-global-color-4)","background-image":"","background-repeat":"repeat","background-position":"center center","background-size":"auto","background-attachment":"scroll","background-type":"","background-media":"","overlay-type":"","overlay-color":"","overlay-opacity":"","overlay-gradient":""}},"footnotes":""},"categories":[3],"tags":[],"class_list":["post-2072","post","type-post","status-publish","format-standard","has-post-thumbnail","hentry","category-noticias"],"yoast_head":"<!-- This site is optimized with the Yoast SEO plugin v26.3 - https:\/\/yoast.com\/wordpress\/plugins\/seo\/ -->\n<title>Pesquisadora Mo\u00e7ambicana Rec\u00e9m-Formada em Sa\u00fade P\u00fablica pela UEM Prop\u00f5e Solu\u00e7\u00f5es para Reduzir a Transmiss\u00e3o Vertical do HIV<\/title>\n<meta name=\"description\" content=\"As doen\u00e7as transmiss\u00edveis constituem um dos desafios de sa\u00fade p\u00fablica em Mo\u00e7ambique. A Faculdade de Medicina da Universidade Eduardo Mondlane (UEM),\" \/>\n<meta name=\"robots\" content=\"index, follow, max-snippet:-1, max-image-preview:large, max-video-preview:-1\" \/>\n<link rel=\"canonical\" href=\"https:\/\/direcaocientifica.uem.mz\/?p=2072\" \/>\n<meta property=\"og:locale\" content=\"pt_PT\" \/>\n<meta property=\"og:type\" content=\"article\" \/>\n<meta property=\"og:title\" content=\"Pesquisadora Mo\u00e7ambicana Rec\u00e9m-Formada em Sa\u00fade P\u00fablica pela UEM Prop\u00f5e Solu\u00e7\u00f5es para Reduzir a Transmiss\u00e3o Vertical do HIV\" \/>\n<meta property=\"og:description\" content=\"As doen\u00e7as transmiss\u00edveis constituem um dos desafios de sa\u00fade p\u00fablica em Mo\u00e7ambique. A Faculdade de Medicina da Universidade Eduardo Mondlane (UEM),\" \/>\n<meta property=\"og:url\" content=\"https:\/\/direcaocientifica.uem.mz\/?p=2072\" \/>\n<meta property=\"og:site_name\" content=\"Direc\u00e7\u00e3o Cientifica\" \/>\n<meta property=\"article:published_time\" content=\"2025-10-22T10:50:10+00:00\" \/>\n<meta property=\"article:modified_time\" content=\"2025-10-22T10:58:07+00:00\" \/>\n<meta property=\"og:image\" content=\"https:\/\/direcaocientifica.uem.mz\/wp-content\/uploads\/2025\/10\/Imagem-Centro-de-Saude-de-Tenga.jpg\" \/>\n\t<meta property=\"og:image:width\" content=\"960\" \/>\n\t<meta property=\"og:image:height\" content=\"1280\" \/>\n\t<meta property=\"og:image:type\" content=\"image\/jpeg\" \/>\n<meta name=\"author\" content=\"Uaite Primeiro\" \/>\n<meta name=\"twitter:card\" content=\"summary_large_image\" \/>\n<meta name=\"twitter:label1\" content=\"Escrito por\" \/>\n\t<meta name=\"twitter:data1\" content=\"Uaite Primeiro\" \/>\n\t<meta name=\"twitter:label2\" content=\"Tempo estimado de leitura\" \/>\n\t<meta name=\"twitter:data2\" content=\"5 minutos\" \/>\n<script type=\"application\/ld+json\" class=\"yoast-schema-graph\">{\"@context\":\"https:\/\/schema.org\",\"@graph\":[{\"@type\":\"WebPage\",\"@id\":\"https:\/\/direcaocientifica.uem.mz\/?p=2072\",\"url\":\"https:\/\/direcaocientifica.uem.mz\/?p=2072\",\"name\":\"Pesquisadora Mo\u00e7ambicana Rec\u00e9m-Formada em Sa\u00fade P\u00fablica pela UEM Prop\u00f5e Solu\u00e7\u00f5es para Reduzir a Transmiss\u00e3o Vertical do HIV\",\"isPartOf\":{\"@id\":\"https:\/\/direcaocientifica.uem.mz\/#website\"},\"primaryImageOfPage\":{\"@id\":\"https:\/\/direcaocientifica.uem.mz\/?p=2072#primaryimage\"},\"image\":{\"@id\":\"https:\/\/direcaocientifica.uem.mz\/?p=2072#primaryimage\"},\"thumbnailUrl\":\"https:\/\/direcaocientifica.uem.mz\/wp-content\/uploads\/2025\/10\/Imagem-Centro-de-Saude-de-Tenga.jpg\",\"datePublished\":\"2025-10-22T10:50:10+00:00\",\"dateModified\":\"2025-10-22T10:58:07+00:00\",\"author\":{\"@id\":\"https:\/\/direcaocientifica.uem.mz\/#\/schema\/person\/b6a79584a4a6ed9e6b3e5610c9fc7b29\"},\"description\":\"As doen\u00e7as transmiss\u00edveis constituem um dos desafios de sa\u00fade p\u00fablica em Mo\u00e7ambique. A Faculdade de Medicina da Universidade Eduardo Mondlane (UEM),\",\"breadcrumb\":{\"@id\":\"https:\/\/direcaocientifica.uem.mz\/?p=2072#breadcrumb\"},\"inLanguage\":\"pt-PT\",\"potentialAction\":[{\"@type\":\"ReadAction\",\"target\":[\"https:\/\/direcaocientifica.uem.mz\/?p=2072\"]}]},{\"@type\":\"ImageObject\",\"inLanguage\":\"pt-PT\",\"@id\":\"https:\/\/direcaocientifica.uem.mz\/?p=2072#primaryimage\",\"url\":\"https:\/\/direcaocientifica.uem.mz\/wp-content\/uploads\/2025\/10\/Imagem-Centro-de-Saude-de-Tenga.jpg\",\"contentUrl\":\"https:\/\/direcaocientifica.uem.mz\/wp-content\/uploads\/2025\/10\/Imagem-Centro-de-Saude-de-Tenga.jpg\",\"width\":960,\"height\":1280},{\"@type\":\"BreadcrumbList\",\"@id\":\"https:\/\/direcaocientifica.uem.mz\/?p=2072#breadcrumb\",\"itemListElement\":[{\"@type\":\"ListItem\",\"position\":1,\"name\":\"Home\",\"item\":\"https:\/\/direcaocientifica.uem.mz\/\"},{\"@type\":\"ListItem\",\"position\":2,\"name\":\"Pesquisadora Mo\u00e7ambicana Rec\u00e9m-Formada em Sa\u00fade P\u00fablica pela UEM Prop\u00f5e Solu\u00e7\u00f5es para Reduzir a Transmiss\u00e3o Vertical do HIV\"}]},{\"@type\":\"WebSite\",\"@id\":\"https:\/\/direcaocientifica.uem.mz\/#website\",\"url\":\"https:\/\/direcaocientifica.uem.mz\/\",\"name\":\"Direc\u00e7\u00e3o Cientifica\",\"description\":\"\",\"alternateName\":\"DC\",\"potentialAction\":[{\"@type\":\"SearchAction\",\"target\":{\"@type\":\"EntryPoint\",\"urlTemplate\":\"https:\/\/direcaocientifica.uem.mz\/?s={search_term_string}\"},\"query-input\":{\"@type\":\"PropertyValueSpecification\",\"valueRequired\":true,\"valueName\":\"search_term_string\"}}],\"inLanguage\":\"pt-PT\"},{\"@type\":\"Person\",\"@id\":\"https:\/\/direcaocientifica.uem.mz\/#\/schema\/person\/b6a79584a4a6ed9e6b3e5610c9fc7b29\",\"name\":\"Uaite Primeiro\",\"image\":{\"@type\":\"ImageObject\",\"inLanguage\":\"pt-PT\",\"@id\":\"https:\/\/direcaocientifica.uem.mz\/#\/schema\/person\/image\/\",\"url\":\"https:\/\/secure.gravatar.com\/avatar\/5c003e58a0e1cc16cdc02b8cfeb60c17f25922638d8a8201beb678d6cbf1a170?s=96&d=mm&r=g\",\"contentUrl\":\"https:\/\/secure.gravatar.com\/avatar\/5c003e58a0e1cc16cdc02b8cfeb60c17f25922638d8a8201beb678d6cbf1a170?s=96&d=mm&r=g\",\"caption\":\"Uaite Primeiro\"}}]}<\/script>\n<!-- \/ Yoast SEO plugin. -->","yoast_head_json":{"title":"Pesquisadora Mo\u00e7ambicana Rec\u00e9m-Formada em Sa\u00fade P\u00fablica pela UEM Prop\u00f5e Solu\u00e7\u00f5es para Reduzir a Transmiss\u00e3o Vertical do HIV","description":"As doen\u00e7as transmiss\u00edveis constituem um dos desafios de sa\u00fade p\u00fablica em Mo\u00e7ambique. A Faculdade de Medicina da Universidade Eduardo Mondlane (UEM),","robots":{"index":"index","follow":"follow","max-snippet":"max-snippet:-1","max-image-preview":"max-image-preview:large","max-video-preview":"max-video-preview:-1"},"canonical":"https:\/\/direcaocientifica.uem.mz\/?p=2072","og_locale":"pt_PT","og_type":"article","og_title":"Pesquisadora Mo\u00e7ambicana Rec\u00e9m-Formada em Sa\u00fade P\u00fablica pela UEM Prop\u00f5e Solu\u00e7\u00f5es para Reduzir a Transmiss\u00e3o Vertical do HIV","og_description":"As doen\u00e7as transmiss\u00edveis constituem um dos desafios de sa\u00fade p\u00fablica em Mo\u00e7ambique. A Faculdade de Medicina da Universidade Eduardo Mondlane (UEM),","og_url":"https:\/\/direcaocientifica.uem.mz\/?p=2072","og_site_name":"Direc\u00e7\u00e3o Cientifica","article_published_time":"2025-10-22T10:50:10+00:00","article_modified_time":"2025-10-22T10:58:07+00:00","og_image":[{"width":960,"height":1280,"url":"https:\/\/direcaocientifica.uem.mz\/wp-content\/uploads\/2025\/10\/Imagem-Centro-de-Saude-de-Tenga.jpg","type":"image\/jpeg"}],"author":"Uaite Primeiro","twitter_card":"summary_large_image","twitter_misc":{"Escrito por":"Uaite Primeiro","Tempo estimado de leitura":"5 minutos"},"schema":{"@context":"https:\/\/schema.org","@graph":[{"@type":"WebPage","@id":"https:\/\/direcaocientifica.uem.mz\/?p=2072","url":"https:\/\/direcaocientifica.uem.mz\/?p=2072","name":"Pesquisadora Mo\u00e7ambicana Rec\u00e9m-Formada em Sa\u00fade P\u00fablica pela UEM Prop\u00f5e Solu\u00e7\u00f5es para Reduzir a Transmiss\u00e3o Vertical do HIV","isPartOf":{"@id":"https:\/\/direcaocientifica.uem.mz\/#website"},"primaryImageOfPage":{"@id":"https:\/\/direcaocientifica.uem.mz\/?p=2072#primaryimage"},"image":{"@id":"https:\/\/direcaocientifica.uem.mz\/?p=2072#primaryimage"},"thumbnailUrl":"https:\/\/direcaocientifica.uem.mz\/wp-content\/uploads\/2025\/10\/Imagem-Centro-de-Saude-de-Tenga.jpg","datePublished":"2025-10-22T10:50:10+00:00","dateModified":"2025-10-22T10:58:07+00:00","author":{"@id":"https:\/\/direcaocientifica.uem.mz\/#\/schema\/person\/b6a79584a4a6ed9e6b3e5610c9fc7b29"},"description":"As doen\u00e7as transmiss\u00edveis constituem um dos desafios de sa\u00fade p\u00fablica em Mo\u00e7ambique. A Faculdade de Medicina da Universidade Eduardo Mondlane (UEM),","breadcrumb":{"@id":"https:\/\/direcaocientifica.uem.mz\/?p=2072#breadcrumb"},"inLanguage":"pt-PT","potentialAction":[{"@type":"ReadAction","target":["https:\/\/direcaocientifica.uem.mz\/?p=2072"]}]},{"@type":"ImageObject","inLanguage":"pt-PT","@id":"https:\/\/direcaocientifica.uem.mz\/?p=2072#primaryimage","url":"https:\/\/direcaocientifica.uem.mz\/wp-content\/uploads\/2025\/10\/Imagem-Centro-de-Saude-de-Tenga.jpg","contentUrl":"https:\/\/direcaocientifica.uem.mz\/wp-content\/uploads\/2025\/10\/Imagem-Centro-de-Saude-de-Tenga.jpg","width":960,"height":1280},{"@type":"BreadcrumbList","@id":"https:\/\/direcaocientifica.uem.mz\/?p=2072#breadcrumb","itemListElement":[{"@type":"ListItem","position":1,"name":"Home","item":"https:\/\/direcaocientifica.uem.mz\/"},{"@type":"ListItem","position":2,"name":"Pesquisadora Mo\u00e7ambicana Rec\u00e9m-Formada em Sa\u00fade P\u00fablica pela UEM Prop\u00f5e Solu\u00e7\u00f5es para Reduzir a Transmiss\u00e3o Vertical do HIV"}]},{"@type":"WebSite","@id":"https:\/\/direcaocientifica.uem.mz\/#website","url":"https:\/\/direcaocientifica.uem.mz\/","name":"Direc\u00e7\u00e3o Cientifica","description":"","alternateName":"DC","potentialAction":[{"@type":"SearchAction","target":{"@type":"EntryPoint","urlTemplate":"https:\/\/direcaocientifica.uem.mz\/?s={search_term_string}"},"query-input":{"@type":"PropertyValueSpecification","valueRequired":true,"valueName":"search_term_string"}}],"inLanguage":"pt-PT"},{"@type":"Person","@id":"https:\/\/direcaocientifica.uem.mz\/#\/schema\/person\/b6a79584a4a6ed9e6b3e5610c9fc7b29","name":"Uaite Primeiro","image":{"@type":"ImageObject","inLanguage":"pt-PT","@id":"https:\/\/direcaocientifica.uem.mz\/#\/schema\/person\/image\/","url":"https:\/\/secure.gravatar.com\/avatar\/5c003e58a0e1cc16cdc02b8cfeb60c17f25922638d8a8201beb678d6cbf1a170?s=96&d=mm&r=g","contentUrl":"https:\/\/secure.gravatar.com\/avatar\/5c003e58a0e1cc16cdc02b8cfeb60c17f25922638d8a8201beb678d6cbf1a170?s=96&d=mm&r=g","caption":"Uaite Primeiro"}}]}},"rttpg_featured_image_url":{"full":["https:\/\/direcaocientifica.uem.mz\/wp-content\/uploads\/2025\/10\/Imagem-Centro-de-Saude-de-Tenga.jpg",960,1280,false],"landscape":["https:\/\/direcaocientifica.uem.mz\/wp-content\/uploads\/2025\/10\/Imagem-Centro-de-Saude-de-Tenga.jpg",960,1280,false],"portraits":["https:\/\/direcaocientifica.uem.mz\/wp-content\/uploads\/2025\/10\/Imagem-Centro-de-Saude-de-Tenga.jpg",960,1280,false],"thumbnail":["https:\/\/direcaocientifica.uem.mz\/wp-content\/uploads\/2025\/10\/Imagem-Centro-de-Saude-de-Tenga-150x150.jpg",150,150,true],"medium":["https:\/\/direcaocientifica.uem.mz\/wp-content\/uploads\/2025\/10\/Imagem-Centro-de-Saude-de-Tenga-225x300.jpg",225,300,true],"large":["https:\/\/direcaocientifica.uem.mz\/wp-content\/uploads\/2025\/10\/Imagem-Centro-de-Saude-de-Tenga-768x1024.jpg",768,1024,true],"1536x1536":["https:\/\/direcaocientifica.uem.mz\/wp-content\/uploads\/2025\/10\/Imagem-Centro-de-Saude-de-Tenga.jpg",960,1280,false],"2048x2048":["https:\/\/direcaocientifica.uem.mz\/wp-content\/uploads\/2025\/10\/Imagem-Centro-de-Saude-de-Tenga.jpg",960,1280,false]},"rttpg_author":{"display_name":"Uaite Primeiro","author_link":"https:\/\/direcaocientifica.uem.mz\/?author=6"},"rttpg_comment":0,"rttpg_category":"<a href=\"https:\/\/direcaocientifica.uem.mz\/?cat=3\" rel=\"category\">Noticias<\/a>","rttpg_excerpt":"As doen\u00e7as transmiss\u00edveis constituem um dos desafios de sa\u00fade p\u00fablica em Mo\u00e7ambique. A Faculdade de Medicina da Universidade Eduardo Mondlane (UEM), atrav\u00e9s de estudos desenvolvidos no \u00e2mbito do programa de Mestrado em Sa\u00fade P\u00fablica, tem contribu\u00eddo para a redu\u00e7\u00e3o dos impactos destas doen\u00e7as ao n\u00edvel nacional. \u00c9 neste cen\u00e1rio que a m\u00e9dica de Cl\u00ednica Geral,&hellip;","_links":{"self":[{"href":"https:\/\/direcaocientifica.uem.mz\/index.php?rest_route=\/wp\/v2\/posts\/2072","targetHints":{"allow":["GET"]}}],"collection":[{"href":"https:\/\/direcaocientifica.uem.mz\/index.php?rest_route=\/wp\/v2\/posts"}],"about":[{"href":"https:\/\/direcaocientifica.uem.mz\/index.php?rest_route=\/wp\/v2\/types\/post"}],"author":[{"embeddable":true,"href":"https:\/\/direcaocientifica.uem.mz\/index.php?rest_route=\/wp\/v2\/users\/6"}],"replies":[{"embeddable":true,"href":"https:\/\/direcaocientifica.uem.mz\/index.php?rest_route=%2Fwp%2Fv2%2Fcomments&post=2072"}],"version-history":[{"count":7,"href":"https:\/\/direcaocientifica.uem.mz\/index.php?rest_route=\/wp\/v2\/posts\/2072\/revisions"}],"predecessor-version":[{"id":2082,"href":"https:\/\/direcaocientifica.uem.mz\/index.php?rest_route=\/wp\/v2\/posts\/2072\/revisions\/2082"}],"wp:featuredmedia":[{"embeddable":true,"href":"https:\/\/direcaocientifica.uem.mz\/index.php?rest_route=\/wp\/v2\/media\/2074"}],"wp:attachment":[{"href":"https:\/\/direcaocientifica.uem.mz\/index.php?rest_route=%2Fwp%2Fv2%2Fmedia&parent=2072"}],"wp:term":[{"taxonomy":"category","embeddable":true,"href":"https:\/\/direcaocientifica.uem.mz\/index.php?rest_route=%2Fwp%2Fv2%2Fcategories&post=2072"},{"taxonomy":"post_tag","embeddable":true,"href":"https:\/\/direcaocientifica.uem.mz\/index.php?rest_route=%2Fwp%2Fv2%2Ftags&post=2072"}],"curies":[{"name":"wp","href":"https:\/\/api.w.org\/{rel}","templated":true}]}}