{"id":2033,"date":"2025-09-22T06:03:27","date_gmt":"2025-09-22T06:03:27","guid":{"rendered":"https:\/\/direcaocientifica.uem.mz\/?p=2033"},"modified":"2025-09-22T06:22:06","modified_gmt":"2025-09-22T06:22:06","slug":"balanco-positivo-marca-o-encerramento-da-xiii-conferencia-cientifica-da-uem","status":"publish","type":"post","link":"https:\/\/direcaocientifica.uem.mz\/?p=2033","title":{"rendered":"Balan\u00e7o positivo marca o encerramento da XIII Confer\u00eancia Cient\u00edfica da UEM"},"content":{"rendered":"\t\t<div data-elementor-type=\"wp-post\" data-elementor-id=\"2033\" class=\"elementor elementor-2033\">\n\t\t\t\t<div class=\"elementor-element elementor-element-8ff4fdd e-flex e-con-boxed e-con e-parent\" data-id=\"8ff4fdd\" data-element_type=\"container\">\n\t\t\t\t\t<div class=\"e-con-inner\">\n\t\t\t\t<div class=\"elementor-element elementor-element-8840702 elementor-widget elementor-widget-text-editor\" data-id=\"8840702\" data-element_type=\"widget\" data-widget_type=\"text-editor.default\">\n\t\t\t\t<div class=\"elementor-widget-container\">\n\t\t\t\t\t\t\t\t\t<p>Assinalou-se, a 19 de Setembro de 2025, o encerramento da 13\u00aa Confer\u00eancia Cient\u00edfica da Universidade Eduardo Mondlane (UEM), um evento que reafirmou o compromisso da institui\u00e7\u00e3o com a excel\u00eancia acad\u00e9mica e o avan\u00e7o da ci\u00eancia ao servi\u00e7o do desenvolvimento nacional. Durante quatro dias, 16 a 19 de Setembro de 2025, incluindo os trabalhos da pr\u00e9-confer\u00eancia, a comunidade acad\u00e9mica, parceiros de coopera\u00e7\u00e3o e visitantes, reuniram-se para partilhar conhecimentos, debater desafios e apresentar resultados de investiga\u00e7\u00e3o nas \u00e1reas de\u00a0Sa\u00fade e Bem-Estar; Produ\u00e7\u00e3o Agr\u00edcola, Animal e Florestal; Territ\u00f3rio, Popula\u00e7\u00e3o e Desenvolvimento Sustent\u00e1vel; Cultura, Sociedade, Educa\u00e7\u00e3o e Informa\u00e7\u00e3o; Recursos Naturais, Meio Ambiente e Altera\u00e7\u00f5es Clim\u00e1ticas; Governa\u00e7\u00e3o, Economia e Desenvolvimento Humano; e Intelig\u00eancia Artificial.<\/p><p>\u00a0<\/p><p>Com o registo de uma enorme ades\u00e3o, o evento foi marcado por tr\u00eas momentos de destaque. A Professora Catedr\u00e1tica Em\u00edlia Noormahomed honrou o audit\u00f3rio com a palestra intitulada \u201cAspectos-Chave do Desenvolvimento da Educa\u00e7\u00e3o e da Investiga\u00e7\u00e3o\u00a0em Sa\u00fade desde 1975\u201d, na qual ofereceu uma reflex\u00e3o profunda sobre o papel da UEM na edifica\u00e7\u00e3o\u00a0do sistema de sa\u00fade no pa\u00eds com destaque para a investiga\u00e7\u00e3o\u00a0cient\u00edfica, os progressos alcan\u00e7ados e os desafios persistentes nesta \u00e1rea cient\u00edfica em Mo\u00e7ambique ao longo das \u00faltimas cinco d\u00e9cadas.<\/p><p>\u00a0<\/p><p>Na sua interven\u00e7\u00e3o, o Director Cient\u00edfico da UEM, Prof. Doutor Em\u00edlio Tost\u00e3o, na qualidade de representante do \u00f3rg\u00e3o central da UEM organizador do evento, enfatizou o papel fundamental da investiga\u00e7\u00e3o\u00a0colaborativa e da inova\u00e7\u00e3o interdisciplinar como motores de transforma\u00e7\u00e3o social e acad\u00e9mica. Destacou, igualmente, a import\u00e2ncia de fortalecer redes de investiga\u00e7\u00e3o e de aproximar o conhecimento cient\u00edfico das necessidades concretas da sociedade. Em virtude da qualidade dos resultados de investiga\u00e7\u00e3o apresentados, sugeriu que os mesmos merecessem maior aten\u00e7\u00e3o por parte da UEM, nomeadamente a possibilidade de transform\u00e1-los em produtos de consumo de um p\u00fablico mais alargado atrav\u00e9s de publica\u00e7\u00e3o cient\u00edfica, bem como transferir para a aplica\u00e7\u00e3o pr\u00e1tica nas comunidades.<\/p><p>\u00a0<\/p><p>O encerramento oficial coube ao Magn\u00edfico Reitor da UEM, Prof. Doutor Manuel Guilherme J\u00fanior, que expressou reconhecimento pelo trabalho e dedica\u00e7\u00e3o de todos os investigadores, palestrantes, estudantes e parceiros envolvidos na confer\u00eancia. Na sua interven\u00e7\u00e3o, o Reitor reafirmou o compromisso da universidade em continuar a promover uma comunidade cient\u00edfica vibrante, pautada pela qualidade, relev\u00e2ncia e impacto da produ\u00e7\u00e3o cient\u00edfica. Aproveitou a oportunidade para agradecer a todos os envolvidos na organiza\u00e7\u00e3o\u00a0do evento, com destaque para as institui\u00e7\u00f5es financiadoras, comiss\u00f5es cient\u00edfica e organizadora, pessoal de apoio, e os participantes entre nacionais e estrangeiros.<\/p><p>\u00a0<\/p><p>A 13\u00aa Confer\u00eancia Cient\u00edfica da UEM encerra, assim, com um balan\u00e7o positivo, evidenciado pelo elevado n\u00edvel das comunica\u00e7\u00f5es apresentadas, pela diversidade dos temas abordados e pelo refor\u00e7o das liga\u00e7\u00f5es entre a academia, os sectores p\u00fablico e privado, e a sociedade em geral. O evento volta a afirmar-se como um espa\u00e7o privilegiado de reflex\u00e3o e partilha para o fortalecimento da ci\u00eancia em Mo\u00e7ambique.\u00a0<\/p>\t\t\t\t\t\t\t\t<\/div>\n\t\t\t\t<\/div>\n\t\t\t\t\t<\/div>\n\t\t\t\t<\/div>\n\t\t<div class=\"elementor-element elementor-element-4b1ff49 e-grid e-con-boxed e-con e-parent\" data-id=\"4b1ff49\" data-element_type=\"container\">\n\t\t\t\t\t<div class=\"e-con-inner\">\n\t\t\t\t<div class=\"elementor-element elementor-element-615911f elementor-widget elementor-widget-image\" data-id=\"615911f\" data-element_type=\"widget\" data-widget_type=\"image.default\">\n\t\t\t\t<div class=\"elementor-widget-container\">\n\t\t\t\t\t\t\t\t\t\t\t\t\t\t\t<img fetchpriority=\"high\" decoding=\"async\" width=\"1024\" height=\"768\" src=\"https:\/\/direcaocientifica.uem.mz\/wp-content\/uploads\/2025\/09\/7-1024x768.jpg\" class=\"attachment-large size-large wp-image-2037\" alt=\"\" srcset=\"https:\/\/direcaocientifica.uem.mz\/wp-content\/uploads\/2025\/09\/7-1024x768.jpg 1024w, https:\/\/direcaocientifica.uem.mz\/wp-content\/uploads\/2025\/09\/7-300x225.jpg 300w, https:\/\/direcaocientifica.uem.mz\/wp-content\/uploads\/2025\/09\/7-768x576.jpg 768w, https:\/\/direcaocientifica.uem.mz\/wp-content\/uploads\/2025\/09\/7.jpg 1280w\" sizes=\"(max-width: 1024px) 100vw, 1024px\" \/>\t\t\t\t\t\t\t\t\t\t\t\t\t\t\t<\/div>\n\t\t\t\t<\/div>\n\t\t\t\t<div class=\"elementor-element elementor-element-a8d981b elementor-widget elementor-widget-image\" data-id=\"a8d981b\" data-element_type=\"widget\" data-widget_type=\"image.default\">\n\t\t\t\t<div class=\"elementor-widget-container\">\n\t\t\t\t\t\t\t\t\t\t\t\t\t\t\t<img decoding=\"async\" width=\"1024\" height=\"768\" src=\"https:\/\/direcaocientifica.uem.mz\/wp-content\/uploads\/2025\/09\/3-2-1024x768.jpg\" class=\"attachment-large size-large wp-image-2035\" alt=\"\" srcset=\"https:\/\/direcaocientifica.uem.mz\/wp-content\/uploads\/2025\/09\/3-2-1024x768.jpg 1024w, https:\/\/direcaocientifica.uem.mz\/wp-content\/uploads\/2025\/09\/3-2-300x225.jpg 300w, https:\/\/direcaocientifica.uem.mz\/wp-content\/uploads\/2025\/09\/3-2-768x576.jpg 768w, https:\/\/direcaocientifica.uem.mz\/wp-content\/uploads\/2025\/09\/3-2.jpg 1280w\" sizes=\"(max-width: 1024px) 100vw, 1024px\" \/>\t\t\t\t\t\t\t\t\t\t\t\t\t\t\t<\/div>\n\t\t\t\t<\/div>\n\t\t\t\t<div class=\"elementor-element elementor-element-5e0aef8 elementor-widget elementor-widget-image\" data-id=\"5e0aef8\" data-element_type=\"widget\" data-widget_type=\"image.default\">\n\t\t\t\t<div class=\"elementor-widget-container\">\n\t\t\t\t\t\t\t\t\t\t\t\t\t\t\t<img decoding=\"async\" width=\"1024\" height=\"768\" src=\"https:\/\/direcaocientifica.uem.mz\/wp-content\/uploads\/2025\/09\/6-1024x768.jpg\" class=\"attachment-large size-large wp-image-2036\" alt=\"\" srcset=\"https:\/\/direcaocientifica.uem.mz\/wp-content\/uploads\/2025\/09\/6-1024x768.jpg 1024w, https:\/\/direcaocientifica.uem.mz\/wp-content\/uploads\/2025\/09\/6-300x225.jpg 300w, https:\/\/direcaocientifica.uem.mz\/wp-content\/uploads\/2025\/09\/6-768x576.jpg 768w, https:\/\/direcaocientifica.uem.mz\/wp-content\/uploads\/2025\/09\/6.jpg 1280w\" sizes=\"(max-width: 1024px) 100vw, 1024px\" \/>\t\t\t\t\t\t\t\t\t\t\t\t\t\t\t<\/div>\n\t\t\t\t<\/div>\n\t\t\t\t<div class=\"elementor-element elementor-element-979c63e elementor-widget elementor-widget-image\" data-id=\"979c63e\" data-element_type=\"widget\" data-widget_type=\"image.default\">\n\t\t\t\t<div class=\"elementor-widget-container\">\n\t\t\t\t\t\t\t\t\t\t\t\t\t\t\t<img loading=\"lazy\" decoding=\"async\" width=\"768\" height=\"1024\" src=\"https:\/\/direcaocientifica.uem.mz\/wp-content\/uploads\/2025\/09\/1-2-768x1024.jpg\" class=\"attachment-large size-large wp-image-2034\" alt=\"\" srcset=\"https:\/\/direcaocientifica.uem.mz\/wp-content\/uploads\/2025\/09\/1-2-768x1024.jpg 768w, https:\/\/direcaocientifica.uem.mz\/wp-content\/uploads\/2025\/09\/1-2-225x300.jpg 225w, https:\/\/direcaocientifica.uem.mz\/wp-content\/uploads\/2025\/09\/1-2.jpg 960w\" sizes=\"(max-width: 768px) 100vw, 768px\" \/>\t\t\t\t\t\t\t\t\t\t\t\t\t\t\t<\/div>\n\t\t\t\t<\/div>\n\t\t\t\t\t<\/div>\n\t\t\t\t<\/div>\n\t\t\t\t<\/div>\n\t\t","protected":false},"excerpt":{"rendered":"<p>Assinalou-se, a 19 de Setembro de 2025, o encerramento da 13\u00aa Confer\u00eancia Cient\u00edfica da Universidade Eduardo Mondlane (UEM), um evento que reafirmou o compromisso da institui\u00e7\u00e3o com a excel\u00eancia acad\u00e9mica e o avan\u00e7o da ci\u00eancia ao servi\u00e7o do desenvolvimento nacional. Durante quatro dias, 16 a 19 de Setembro de 2025, incluindo os trabalhos da pr\u00e9-confer\u00eancia, [&hellip;]<\/p>\n","protected":false},"author":6,"featured_media":2036,"comment_status":"open","ping_status":"open","sticky":false,"template":"","format":"standard","meta":{"inline_featured_image":false,"site-sidebar-layout":"default","site-content-layout":"","ast-site-content-layout":"","site-content-style":"default","site-sidebar-style":"default","ast-global-header-display":"","ast-banner-title-visibility":"","ast-main-header-display":"","ast-hfb-above-header-display":"","ast-hfb-below-header-display":"","ast-hfb-mobile-header-display":"","site-post-title":"","ast-breadcrumbs-content":"","ast-featured-img":"","footer-sml-layout":"","theme-transparent-header-meta":"","adv-header-id-meta":"","stick-header-meta":"","header-above-stick-meta":"","header-main-stick-meta":"","header-below-stick-meta":"","astra-migrate-meta-layouts":"default","ast-page-background-enabled":"default","ast-page-background-meta":{"desktop":{"background-color":"var(--ast-global-color-5)","background-image":"","background-repeat":"repeat","background-position":"center center","background-size":"auto","background-attachment":"scroll","background-type":"","background-media":"","overlay-type":"","overlay-color":"","overlay-opacity":"","overlay-gradient":""},"tablet":{"background-color":"","background-image":"","background-repeat":"repeat","background-position":"center center","background-size":"auto","background-attachment":"scroll","background-type":"","background-media":"","overlay-type":"","overlay-color":"","overlay-opacity":"","overlay-gradient":""},"mobile":{"background-color":"","background-image":"","background-repeat":"repeat","background-position":"center center","background-size":"auto","background-attachment":"scroll","background-type":"","background-media":"","overlay-type":"","overlay-color":"","overlay-opacity":"","overlay-gradient":""}},"ast-content-background-meta":{"desktop":{"background-color":"var(--ast-global-color-4)","background-image":"","background-repeat":"repeat","background-position":"center center","background-size":"auto","background-attachment":"scroll","background-type":"","background-media":"","overlay-type":"","overlay-color":"","overlay-opacity":"","overlay-gradient":""},"tablet":{"background-color":"var(--ast-global-color-4)","background-image":"","background-repeat":"repeat","background-position":"center center","background-size":"auto","background-attachment":"scroll","background-type":"","background-media":"","overlay-type":"","overlay-color":"","overlay-opacity":"","overlay-gradient":""},"mobile":{"background-color":"var(--ast-global-color-4)","background-image":"","background-repeat":"repeat","background-position":"center center","background-size":"auto","background-attachment":"scroll","background-type":"","background-media":"","overlay-type":"","overlay-color":"","overlay-opacity":"","overlay-gradient":""}},"footnotes":""},"categories":[3],"tags":[],"class_list":["post-2033","post","type-post","status-publish","format-standard","has-post-thumbnail","hentry","category-noticias"],"yoast_head":"<!-- This site is optimized with the Yoast SEO plugin v26.3 - https:\/\/yoast.com\/wordpress\/plugins\/seo\/ -->\n<title>Balan\u00e7o positivo marca o encerramento da XIII Confer\u00eancia Cient\u00edfica da UEM<\/title>\n<meta name=\"description\" content=\"Assinalou-se, a 19 de Setembro de 2025, o encerramento da 13\u00aa Confer\u00eancia Cient\u00edfica da Universidade Eduardo Mondlane (UEM), um evento que reafirmou o\" \/>\n<meta name=\"robots\" content=\"index, follow, max-snippet:-1, max-image-preview:large, max-video-preview:-1\" \/>\n<link rel=\"canonical\" href=\"https:\/\/direcaocientifica.uem.mz\/?p=2033\" \/>\n<meta property=\"og:locale\" content=\"pt_PT\" \/>\n<meta property=\"og:type\" content=\"article\" \/>\n<meta property=\"og:title\" content=\"Balan\u00e7o positivo marca o encerramento da XIII Confer\u00eancia Cient\u00edfica da UEM\" \/>\n<meta property=\"og:description\" content=\"Assinalou-se, a 19 de Setembro de 2025, o encerramento da 13\u00aa Confer\u00eancia Cient\u00edfica da Universidade Eduardo Mondlane (UEM), um evento que reafirmou o\" \/>\n<meta property=\"og:url\" content=\"https:\/\/direcaocientifica.uem.mz\/?p=2033\" \/>\n<meta property=\"og:site_name\" content=\"Direc\u00e7\u00e3o Cientifica\" \/>\n<meta property=\"article:published_time\" content=\"2025-09-22T06:03:27+00:00\" \/>\n<meta property=\"article:modified_time\" content=\"2025-09-22T06:22:06+00:00\" \/>\n<meta property=\"og:image\" content=\"https:\/\/direcaocientifica.uem.mz\/wp-content\/uploads\/2025\/09\/6.jpg\" \/>\n\t<meta property=\"og:image:width\" content=\"1280\" \/>\n\t<meta property=\"og:image:height\" content=\"960\" \/>\n\t<meta property=\"og:image:type\" content=\"image\/jpeg\" \/>\n<meta name=\"author\" content=\"Uaite Primeiro\" \/>\n<meta name=\"twitter:card\" content=\"summary_large_image\" \/>\n<meta name=\"twitter:label1\" content=\"Escrito por\" \/>\n\t<meta name=\"twitter:data1\" content=\"Uaite Primeiro\" \/>\n\t<meta name=\"twitter:label2\" content=\"Tempo estimado de leitura\" \/>\n\t<meta name=\"twitter:data2\" content=\"4 minutos\" \/>\n<script type=\"application\/ld+json\" class=\"yoast-schema-graph\">{\"@context\":\"https:\/\/schema.org\",\"@graph\":[{\"@type\":\"WebPage\",\"@id\":\"https:\/\/direcaocientifica.uem.mz\/?p=2033\",\"url\":\"https:\/\/direcaocientifica.uem.mz\/?p=2033\",\"name\":\"Balan\u00e7o positivo marca o encerramento da XIII Confer\u00eancia Cient\u00edfica da UEM\",\"isPartOf\":{\"@id\":\"https:\/\/direcaocientifica.uem.mz\/#website\"},\"primaryImageOfPage\":{\"@id\":\"https:\/\/direcaocientifica.uem.mz\/?p=2033#primaryimage\"},\"image\":{\"@id\":\"https:\/\/direcaocientifica.uem.mz\/?p=2033#primaryimage\"},\"thumbnailUrl\":\"https:\/\/direcaocientifica.uem.mz\/wp-content\/uploads\/2025\/09\/6.jpg\",\"datePublished\":\"2025-09-22T06:03:27+00:00\",\"dateModified\":\"2025-09-22T06:22:06+00:00\",\"author\":{\"@id\":\"https:\/\/direcaocientifica.uem.mz\/#\/schema\/person\/b6a79584a4a6ed9e6b3e5610c9fc7b29\"},\"description\":\"Assinalou-se, a 19 de Setembro de 2025, o encerramento da 13\u00aa Confer\u00eancia Cient\u00edfica da Universidade Eduardo Mondlane (UEM), um evento que reafirmou o\",\"breadcrumb\":{\"@id\":\"https:\/\/direcaocientifica.uem.mz\/?p=2033#breadcrumb\"},\"inLanguage\":\"pt-PT\",\"potentialAction\":[{\"@type\":\"ReadAction\",\"target\":[\"https:\/\/direcaocientifica.uem.mz\/?p=2033\"]}]},{\"@type\":\"ImageObject\",\"inLanguage\":\"pt-PT\",\"@id\":\"https:\/\/direcaocientifica.uem.mz\/?p=2033#primaryimage\",\"url\":\"https:\/\/direcaocientifica.uem.mz\/wp-content\/uploads\/2025\/09\/6.jpg\",\"contentUrl\":\"https:\/\/direcaocientifica.uem.mz\/wp-content\/uploads\/2025\/09\/6.jpg\",\"width\":1280,\"height\":960},{\"@type\":\"BreadcrumbList\",\"@id\":\"https:\/\/direcaocientifica.uem.mz\/?p=2033#breadcrumb\",\"itemListElement\":[{\"@type\":\"ListItem\",\"position\":1,\"name\":\"Home\",\"item\":\"https:\/\/direcaocientifica.uem.mz\/\"},{\"@type\":\"ListItem\",\"position\":2,\"name\":\"Balan\u00e7o positivo marca o encerramento da XIII Confer\u00eancia Cient\u00edfica da UEM\"}]},{\"@type\":\"WebSite\",\"@id\":\"https:\/\/direcaocientifica.uem.mz\/#website\",\"url\":\"https:\/\/direcaocientifica.uem.mz\/\",\"name\":\"Direc\u00e7\u00e3o Cientifica\",\"description\":\"\",\"alternateName\":\"DC\",\"potentialAction\":[{\"@type\":\"SearchAction\",\"target\":{\"@type\":\"EntryPoint\",\"urlTemplate\":\"https:\/\/direcaocientifica.uem.mz\/?s={search_term_string}\"},\"query-input\":{\"@type\":\"PropertyValueSpecification\",\"valueRequired\":true,\"valueName\":\"search_term_string\"}}],\"inLanguage\":\"pt-PT\"},{\"@type\":\"Person\",\"@id\":\"https:\/\/direcaocientifica.uem.mz\/#\/schema\/person\/b6a79584a4a6ed9e6b3e5610c9fc7b29\",\"name\":\"Uaite Primeiro\",\"image\":{\"@type\":\"ImageObject\",\"inLanguage\":\"pt-PT\",\"@id\":\"https:\/\/direcaocientifica.uem.mz\/#\/schema\/person\/image\/\",\"url\":\"https:\/\/secure.gravatar.com\/avatar\/5c003e58a0e1cc16cdc02b8cfeb60c17f25922638d8a8201beb678d6cbf1a170?s=96&d=mm&r=g\",\"contentUrl\":\"https:\/\/secure.gravatar.com\/avatar\/5c003e58a0e1cc16cdc02b8cfeb60c17f25922638d8a8201beb678d6cbf1a170?s=96&d=mm&r=g\",\"caption\":\"Uaite Primeiro\"}}]}<\/script>\n<!-- \/ Yoast SEO plugin. -->","yoast_head_json":{"title":"Balan\u00e7o positivo marca o encerramento da XIII Confer\u00eancia Cient\u00edfica da UEM","description":"Assinalou-se, a 19 de Setembro de 2025, o encerramento da 13\u00aa Confer\u00eancia Cient\u00edfica da Universidade Eduardo Mondlane (UEM), um evento que reafirmou o","robots":{"index":"index","follow":"follow","max-snippet":"max-snippet:-1","max-image-preview":"max-image-preview:large","max-video-preview":"max-video-preview:-1"},"canonical":"https:\/\/direcaocientifica.uem.mz\/?p=2033","og_locale":"pt_PT","og_type":"article","og_title":"Balan\u00e7o positivo marca o encerramento da XIII Confer\u00eancia Cient\u00edfica da UEM","og_description":"Assinalou-se, a 19 de Setembro de 2025, o encerramento da 13\u00aa Confer\u00eancia Cient\u00edfica da Universidade Eduardo Mondlane (UEM), um evento que reafirmou o","og_url":"https:\/\/direcaocientifica.uem.mz\/?p=2033","og_site_name":"Direc\u00e7\u00e3o Cientifica","article_published_time":"2025-09-22T06:03:27+00:00","article_modified_time":"2025-09-22T06:22:06+00:00","og_image":[{"width":1280,"height":960,"url":"https:\/\/direcaocientifica.uem.mz\/wp-content\/uploads\/2025\/09\/6.jpg","type":"image\/jpeg"}],"author":"Uaite Primeiro","twitter_card":"summary_large_image","twitter_misc":{"Escrito por":"Uaite Primeiro","Tempo estimado de leitura":"4 minutos"},"schema":{"@context":"https:\/\/schema.org","@graph":[{"@type":"WebPage","@id":"https:\/\/direcaocientifica.uem.mz\/?p=2033","url":"https:\/\/direcaocientifica.uem.mz\/?p=2033","name":"Balan\u00e7o positivo marca o encerramento da XIII Confer\u00eancia Cient\u00edfica da UEM","isPartOf":{"@id":"https:\/\/direcaocientifica.uem.mz\/#website"},"primaryImageOfPage":{"@id":"https:\/\/direcaocientifica.uem.mz\/?p=2033#primaryimage"},"image":{"@id":"https:\/\/direcaocientifica.uem.mz\/?p=2033#primaryimage"},"thumbnailUrl":"https:\/\/direcaocientifica.uem.mz\/wp-content\/uploads\/2025\/09\/6.jpg","datePublished":"2025-09-22T06:03:27+00:00","dateModified":"2025-09-22T06:22:06+00:00","author":{"@id":"https:\/\/direcaocientifica.uem.mz\/#\/schema\/person\/b6a79584a4a6ed9e6b3e5610c9fc7b29"},"description":"Assinalou-se, a 19 de Setembro de 2025, o encerramento da 13\u00aa Confer\u00eancia Cient\u00edfica da Universidade Eduardo Mondlane (UEM), um evento que reafirmou o","breadcrumb":{"@id":"https:\/\/direcaocientifica.uem.mz\/?p=2033#breadcrumb"},"inLanguage":"pt-PT","potentialAction":[{"@type":"ReadAction","target":["https:\/\/direcaocientifica.uem.mz\/?p=2033"]}]},{"@type":"ImageObject","inLanguage":"pt-PT","@id":"https:\/\/direcaocientifica.uem.mz\/?p=2033#primaryimage","url":"https:\/\/direcaocientifica.uem.mz\/wp-content\/uploads\/2025\/09\/6.jpg","contentUrl":"https:\/\/direcaocientifica.uem.mz\/wp-content\/uploads\/2025\/09\/6.jpg","width":1280,"height":960},{"@type":"BreadcrumbList","@id":"https:\/\/direcaocientifica.uem.mz\/?p=2033#breadcrumb","itemListElement":[{"@type":"ListItem","position":1,"name":"Home","item":"https:\/\/direcaocientifica.uem.mz\/"},{"@type":"ListItem","position":2,"name":"Balan\u00e7o positivo marca o encerramento da XIII Confer\u00eancia Cient\u00edfica da UEM"}]},{"@type":"WebSite","@id":"https:\/\/direcaocientifica.uem.mz\/#website","url":"https:\/\/direcaocientifica.uem.mz\/","name":"Direc\u00e7\u00e3o Cientifica","description":"","alternateName":"DC","potentialAction":[{"@type":"SearchAction","target":{"@type":"EntryPoint","urlTemplate":"https:\/\/direcaocientifica.uem.mz\/?s={search_term_string}"},"query-input":{"@type":"PropertyValueSpecification","valueRequired":true,"valueName":"search_term_string"}}],"inLanguage":"pt-PT"},{"@type":"Person","@id":"https:\/\/direcaocientifica.uem.mz\/#\/schema\/person\/b6a79584a4a6ed9e6b3e5610c9fc7b29","name":"Uaite Primeiro","image":{"@type":"ImageObject","inLanguage":"pt-PT","@id":"https:\/\/direcaocientifica.uem.mz\/#\/schema\/person\/image\/","url":"https:\/\/secure.gravatar.com\/avatar\/5c003e58a0e1cc16cdc02b8cfeb60c17f25922638d8a8201beb678d6cbf1a170?s=96&d=mm&r=g","contentUrl":"https:\/\/secure.gravatar.com\/avatar\/5c003e58a0e1cc16cdc02b8cfeb60c17f25922638d8a8201beb678d6cbf1a170?s=96&d=mm&r=g","caption":"Uaite Primeiro"}}]}},"rttpg_featured_image_url":{"full":["https:\/\/direcaocientifica.uem.mz\/wp-content\/uploads\/2025\/09\/6.jpg",1280,960,false],"landscape":["https:\/\/direcaocientifica.uem.mz\/wp-content\/uploads\/2025\/09\/6.jpg",1280,960,false],"portraits":["https:\/\/direcaocientifica.uem.mz\/wp-content\/uploads\/2025\/09\/6.jpg",1280,960,false],"thumbnail":["https:\/\/direcaocientifica.uem.mz\/wp-content\/uploads\/2025\/09\/6-150x150.jpg",150,150,true],"medium":["https:\/\/direcaocientifica.uem.mz\/wp-content\/uploads\/2025\/09\/6-300x225.jpg",300,225,true],"large":["https:\/\/direcaocientifica.uem.mz\/wp-content\/uploads\/2025\/09\/6-1024x768.jpg",1024,768,true],"1536x1536":["https:\/\/direcaocientifica.uem.mz\/wp-content\/uploads\/2025\/09\/6.jpg",1280,960,false],"2048x2048":["https:\/\/direcaocientifica.uem.mz\/wp-content\/uploads\/2025\/09\/6.jpg",1280,960,false]},"rttpg_author":{"display_name":"Uaite Primeiro","author_link":"https:\/\/direcaocientifica.uem.mz\/?author=6"},"rttpg_comment":0,"rttpg_category":"<a href=\"https:\/\/direcaocientifica.uem.mz\/?cat=3\" rel=\"category\">Noticias<\/a>","rttpg_excerpt":"Assinalou-se, a 19 de Setembro de 2025, o encerramento da 13\u00aa Confer\u00eancia Cient\u00edfica da Universidade Eduardo Mondlane (UEM), um evento que reafirmou o compromisso da institui\u00e7\u00e3o com a excel\u00eancia acad\u00e9mica e o avan\u00e7o da ci\u00eancia ao servi\u00e7o do desenvolvimento nacional. Durante quatro dias, 16 a 19 de Setembro de 2025, incluindo os trabalhos da pr\u00e9-confer\u00eancia,&hellip;","_links":{"self":[{"href":"https:\/\/direcaocientifica.uem.mz\/index.php?rest_route=\/wp\/v2\/posts\/2033","targetHints":{"allow":["GET"]}}],"collection":[{"href":"https:\/\/direcaocientifica.uem.mz\/index.php?rest_route=\/wp\/v2\/posts"}],"about":[{"href":"https:\/\/direcaocientifica.uem.mz\/index.php?rest_route=\/wp\/v2\/types\/post"}],"author":[{"embeddable":true,"href":"https:\/\/direcaocientifica.uem.mz\/index.php?rest_route=\/wp\/v2\/users\/6"}],"replies":[{"embeddable":true,"href":"https:\/\/direcaocientifica.uem.mz\/index.php?rest_route=%2Fwp%2Fv2%2Fcomments&post=2033"}],"version-history":[{"count":6,"href":"https:\/\/direcaocientifica.uem.mz\/index.php?rest_route=\/wp\/v2\/posts\/2033\/revisions"}],"predecessor-version":[{"id":2044,"href":"https:\/\/direcaocientifica.uem.mz\/index.php?rest_route=\/wp\/v2\/posts\/2033\/revisions\/2044"}],"wp:featuredmedia":[{"embeddable":true,"href":"https:\/\/direcaocientifica.uem.mz\/index.php?rest_route=\/wp\/v2\/media\/2036"}],"wp:attachment":[{"href":"https:\/\/direcaocientifica.uem.mz\/index.php?rest_route=%2Fwp%2Fv2%2Fmedia&parent=2033"}],"wp:term":[{"taxonomy":"category","embeddable":true,"href":"https:\/\/direcaocientifica.uem.mz\/index.php?rest_route=%2Fwp%2Fv2%2Fcategories&post=2033"},{"taxonomy":"post_tag","embeddable":true,"href":"https:\/\/direcaocientifica.uem.mz\/index.php?rest_route=%2Fwp%2Fv2%2Ftags&post=2033"}],"curies":[{"name":"wp","href":"https:\/\/api.w.org\/{rel}","templated":true}]}}