{"id":1999,"date":"2025-09-12T13:40:00","date_gmt":"2025-09-12T13:40:00","guid":{"rendered":"https:\/\/direcaocientifica.uem.mz\/?p=1999"},"modified":"2025-09-12T11:00:51","modified_gmt":"2025-09-12T11:00:51","slug":"a-direccao-cientifica-da-uem-marca-presenca-na-conferencia-da-sarima","status":"publish","type":"post","link":"https:\/\/direcaocientifica.uem.mz\/?p=1999","title":{"rendered":"A Direc\u00e7\u00e3o Cient\u00edfica da UEM marca presen\u00e7a na Confer\u00eancia da SARIMA"},"content":{"rendered":"\t\t<div data-elementor-type=\"wp-post\" data-elementor-id=\"1999\" class=\"elementor elementor-1999\">\n\t\t\t\t<div class=\"elementor-element elementor-element-03c33a8 e-flex e-con-boxed e-con e-parent\" data-id=\"03c33a8\" data-element_type=\"container\">\n\t\t\t\t\t<div class=\"e-con-inner\">\n\t\t\t\t<div class=\"elementor-element elementor-element-9bec707 elementor-widget elementor-widget-text-editor\" data-id=\"9bec707\" data-element_type=\"widget\" data-widget_type=\"text-editor.default\">\n\t\t\t\t<div class=\"elementor-widget-container\">\n\t\t\t\t\t\t\t\t\t<p>Entre os dias 02 e 05 de Setembro de 2025, a <em>Southern African Research and Innovation Management Association (SARIMA)<\/em> realizou mais uma Confer\u00eancia Anual, em Stellenbosch, na \u00c1frica do Sul. Na ocasi\u00e3o, tr\u00eas membros da Direc\u00e7\u00e3o Cient\u00edfica da Universidade Eduardo Mondlane (UEM), nomeadamente o Prof. Doutor Em\u00edlio Tost\u00e3o, o Prof. Serafim Alberto e o Mestre Uaite Primeiro, tiveram a nobre oportunidade de partilhar com o vasto audit\u00f3rio, entre acad\u00e9micos, gestores de investiga\u00e7\u00e3o e profissionais de \u00e1reas afins, experi\u00eancias e vis\u00e3o da UEM relativamente \u00e0 gest\u00e3o universit\u00e1ria.<\/p><p>\u00a0<\/p><p>Decorrente das apresenta\u00e7\u00f5es e subsequente discuss\u00f5es, v\u00e1rias li\u00e7\u00f5es foram extra\u00eddas desta rela\u00e7\u00e3o, com destaque para a necessidade do envolvimento da lideran\u00e7a na promo\u00e7\u00e3o da cultura de envolvimento colectivo dos gestores de investiga\u00e7\u00e3o sempre que novas propostas de actividade surgem. Tendo em conta que outras universidades j\u00e1 se encontram em fase de implementa\u00e7\u00e3o de algumas agendas de interesse da UEM, houve sugest\u00e3o no sentido de que a universidade deve investir em programas de interc\u00e2mbio inter-universit\u00e1rio para busca de experi\u00eancias e consolida\u00e7\u00e3o de parcerias.<\/p><p>\u00a0<\/p><p>Neste contexto, tornou-se evidente a import\u00e2ncia estrat\u00e9gica de a UEM intensificar o seu envolvimento em organiza\u00e7\u00f5es regionais como a SARIMA, n\u00e3o apenas como forma de acompanhar as tend\u00eancias em mat\u00e9ria de gest\u00e3o da investiga\u00e7\u00e3o e inova\u00e7\u00e3o, mas tamb\u00e9m como oportunidade para estabelecer colabora\u00e7\u00f5es institucionais mais estruturadas. A ades\u00e3o formal a estas redes representa uma via eficaz para o acesso facilitado ao conhecimento especializado, boas pr\u00e1ticas e financiamento regional e internacional, al\u00e9m de criar um ambiente f\u00e9rtil para o desenvolvimento de projectos conjuntos. A troca de experi\u00eancias entre institui\u00e7\u00f5es com desafios e contextos semelhantes refor\u00e7a a capacidade da UEM de responder de forma mais eficiente \u00e0s suas pr\u00f3prias demandas e objectivos estrat\u00e9gicos.<\/p><p>\u00a0<\/p><p>Adicionalmente, a inscri\u00e7\u00e3o da UEM em organiza\u00e7\u00f5es regionais proporciona visibilidade institucional e refor\u00e7a o seu posicionamento como actor relevante no panorama cient\u00edfico e acad\u00e9mico da regi\u00e3o austral de \u00c1frica. Esse posicionamento \u00e9 crucial para atrair parcerias de alto n\u00edvel, fortalecer a forma\u00e7\u00e3o de recursos humanos e participar activamente em agendas regionais de ci\u00eancia, tecnologia e inova\u00e7\u00e3o. Assim, urge que a UEM adopte uma abordagem proactiva na constru\u00e7\u00e3o de alian\u00e7as estrat\u00e9gicas, articulando esfor\u00e7os internos com oportunidades externas, numa l\u00f3gica de crescimento partilhado, desenvolvimento institucional sustent\u00e1vel e valoriza\u00e7\u00e3o do conhecimento produzido localmente.<\/p>\t\t\t\t\t\t\t\t<\/div>\n\t\t\t\t<\/div>\n\t\t\t\t\t<\/div>\n\t\t\t\t<\/div>\n\t\t<div class=\"elementor-element elementor-element-d7a82a1 e-grid e-con-boxed e-con e-parent\" data-id=\"d7a82a1\" data-element_type=\"container\">\n\t\t\t\t\t<div class=\"e-con-inner\">\n\t\t\t\t<div class=\"elementor-element elementor-element-ce738a0 elementor-widget elementor-widget-image\" data-id=\"ce738a0\" data-element_type=\"widget\" data-widget_type=\"image.default\">\n\t\t\t\t<div class=\"elementor-widget-container\">\n\t\t\t\t\t\t\t\t\t\t\t\t\t\t\t<img fetchpriority=\"high\" decoding=\"async\" width=\"768\" height=\"576\" src=\"https:\/\/direcaocientifica.uem.mz\/wp-content\/uploads\/2025\/09\/1-768x576.jpg\" class=\"attachment-medium_large size-medium_large wp-image-2001\" alt=\"\" srcset=\"https:\/\/direcaocientifica.uem.mz\/wp-content\/uploads\/2025\/09\/1-768x576.jpg 768w, https:\/\/direcaocientifica.uem.mz\/wp-content\/uploads\/2025\/09\/1-300x225.jpg 300w, https:\/\/direcaocientifica.uem.mz\/wp-content\/uploads\/2025\/09\/1-1024x768.jpg 1024w, https:\/\/direcaocientifica.uem.mz\/wp-content\/uploads\/2025\/09\/1.jpg 1280w\" sizes=\"(max-width: 768px) 100vw, 768px\" \/>\t\t\t\t\t\t\t\t\t\t\t\t\t\t\t<\/div>\n\t\t\t\t<\/div>\n\t\t\t\t<div class=\"elementor-element elementor-element-c48daa4 elementor-widget elementor-widget-image\" data-id=\"c48daa4\" data-element_type=\"widget\" data-widget_type=\"image.default\">\n\t\t\t\t<div class=\"elementor-widget-container\">\n\t\t\t\t\t\t\t\t\t\t\t\t\t\t\t<img decoding=\"async\" width=\"768\" height=\"576\" src=\"https:\/\/direcaocientifica.uem.mz\/wp-content\/uploads\/2025\/09\/3-768x576.jpg\" class=\"attachment-medium_large size-medium_large wp-image-2002\" alt=\"\" srcset=\"https:\/\/direcaocientifica.uem.mz\/wp-content\/uploads\/2025\/09\/3-768x576.jpg 768w, https:\/\/direcaocientifica.uem.mz\/wp-content\/uploads\/2025\/09\/3-300x225.jpg 300w, https:\/\/direcaocientifica.uem.mz\/wp-content\/uploads\/2025\/09\/3-1024x768.jpg 1024w, https:\/\/direcaocientifica.uem.mz\/wp-content\/uploads\/2025\/09\/3-1536x1152.jpg 1536w, https:\/\/direcaocientifica.uem.mz\/wp-content\/uploads\/2025\/09\/3.jpg 1600w\" sizes=\"(max-width: 768px) 100vw, 768px\" \/>\t\t\t\t\t\t\t\t\t\t\t\t\t\t\t<\/div>\n\t\t\t\t<\/div>\n\t\t\t\t<div class=\"elementor-element elementor-element-b8a9c82 elementor-widget elementor-widget-image\" data-id=\"b8a9c82\" data-element_type=\"widget\" data-widget_type=\"image.default\">\n\t\t\t\t<div class=\"elementor-widget-container\">\n\t\t\t\t\t\t\t\t\t\t\t\t\t\t\t<img decoding=\"async\" width=\"768\" height=\"576\" src=\"https:\/\/direcaocientifica.uem.mz\/wp-content\/uploads\/2025\/09\/2-768x576.jpg\" class=\"attachment-medium_large size-medium_large wp-image-2003\" alt=\"\" srcset=\"https:\/\/direcaocientifica.uem.mz\/wp-content\/uploads\/2025\/09\/2-768x576.jpg 768w, https:\/\/direcaocientifica.uem.mz\/wp-content\/uploads\/2025\/09\/2-300x225.jpg 300w, https:\/\/direcaocientifica.uem.mz\/wp-content\/uploads\/2025\/09\/2-1024x768.jpg 1024w, https:\/\/direcaocientifica.uem.mz\/wp-content\/uploads\/2025\/09\/2.jpg 1280w\" sizes=\"(max-width: 768px) 100vw, 768px\" \/>\t\t\t\t\t\t\t\t\t\t\t\t\t\t\t<\/div>\n\t\t\t\t<\/div>\n\t\t\t\t<div class=\"elementor-element elementor-element-4a36cb5 elementor-widget elementor-widget-image\" data-id=\"4a36cb5\" data-element_type=\"widget\" data-widget_type=\"image.default\">\n\t\t\t\t<div class=\"elementor-widget-container\">\n\t\t\t\t\t\t\t\t\t\t\t\t\t\t\t<img loading=\"lazy\" decoding=\"async\" width=\"768\" height=\"1024\" src=\"https:\/\/direcaocientifica.uem.mz\/wp-content\/uploads\/2025\/09\/4-768x1024.jpg\" class=\"attachment-medium_large size-medium_large wp-image-2004\" alt=\"\" srcset=\"https:\/\/direcaocientifica.uem.mz\/wp-content\/uploads\/2025\/09\/4-768x1024.jpg 768w, https:\/\/direcaocientifica.uem.mz\/wp-content\/uploads\/2025\/09\/4-225x300.jpg 225w, https:\/\/direcaocientifica.uem.mz\/wp-content\/uploads\/2025\/09\/4-1152x1536.jpg 1152w, https:\/\/direcaocientifica.uem.mz\/wp-content\/uploads\/2025\/09\/4.jpg 1200w\" sizes=\"(max-width: 768px) 100vw, 768px\" \/>\t\t\t\t\t\t\t\t\t\t\t\t\t\t\t<\/div>\n\t\t\t\t<\/div>\n\t\t\t\t\t<\/div>\n\t\t\t\t<\/div>\n\t\t\t\t<\/div>\n\t\t","protected":false},"excerpt":{"rendered":"<p>Entre os dias 02 e 05 de Setembro de 2025, a Southern African Research and Innovation Management Association (SARIMA) realizou mais uma Confer\u00eancia Anual, em Stellenbosch, na \u00c1frica do Sul. Na ocasi\u00e3o, tr\u00eas membros da Direc\u00e7\u00e3o Cient\u00edfica da Universidade Eduardo Mondlane (UEM), nomeadamente o Prof. Doutor Em\u00edlio Tost\u00e3o, o Prof. Serafim Alberto e o Mestre [&hellip;]<\/p>\n","protected":false},"author":6,"featured_media":2004,"comment_status":"open","ping_status":"open","sticky":false,"template":"","format":"standard","meta":{"inline_featured_image":false,"site-sidebar-layout":"default","site-content-layout":"","ast-site-content-layout":"","site-content-style":"default","site-sidebar-style":"default","ast-global-header-display":"","ast-banner-title-visibility":"","ast-main-header-display":"","ast-hfb-above-header-display":"","ast-hfb-below-header-display":"","ast-hfb-mobile-header-display":"","site-post-title":"","ast-breadcrumbs-content":"","ast-featured-img":"","footer-sml-layout":"","theme-transparent-header-meta":"","adv-header-id-meta":"","stick-header-meta":"","header-above-stick-meta":"","header-main-stick-meta":"","header-below-stick-meta":"","astra-migrate-meta-layouts":"default","ast-page-background-enabled":"default","ast-page-background-meta":{"desktop":{"background-color":"var(--ast-global-color-5)","background-image":"","background-repeat":"repeat","background-position":"center center","background-size":"auto","background-attachment":"scroll","background-type":"","background-media":"","overlay-type":"","overlay-color":"","overlay-opacity":"","overlay-gradient":""},"tablet":{"background-color":"","background-image":"","background-repeat":"repeat","background-position":"center center","background-size":"auto","background-attachment":"scroll","background-type":"","background-media":"","overlay-type":"","overlay-color":"","overlay-opacity":"","overlay-gradient":""},"mobile":{"background-color":"","background-image":"","background-repeat":"repeat","background-position":"center center","background-size":"auto","background-attachment":"scroll","background-type":"","background-media":"","overlay-type":"","overlay-color":"","overlay-opacity":"","overlay-gradient":""}},"ast-content-background-meta":{"desktop":{"background-color":"var(--ast-global-color-4)","background-image":"","background-repeat":"repeat","background-position":"center center","background-size":"auto","background-attachment":"scroll","background-type":"","background-media":"","overlay-type":"","overlay-color":"","overlay-opacity":"","overlay-gradient":""},"tablet":{"background-color":"var(--ast-global-color-4)","background-image":"","background-repeat":"repeat","background-position":"center center","background-size":"auto","background-attachment":"scroll","background-type":"","background-media":"","overlay-type":"","overlay-color":"","overlay-opacity":"","overlay-gradient":""},"mobile":{"background-color":"var(--ast-global-color-4)","background-image":"","background-repeat":"repeat","background-position":"center center","background-size":"auto","background-attachment":"scroll","background-type":"","background-media":"","overlay-type":"","overlay-color":"","overlay-opacity":"","overlay-gradient":""}},"footnotes":""},"categories":[3],"tags":[],"class_list":["post-1999","post","type-post","status-publish","format-standard","has-post-thumbnail","hentry","category-noticias"],"yoast_head":"<!-- This site is optimized with the Yoast SEO plugin v26.3 - https:\/\/yoast.com\/wordpress\/plugins\/seo\/ -->\n<title>A Direc\u00e7\u00e3o Cient\u00edfica da UEM marca presen\u00e7a na Confer\u00eancia da SARIMA<\/title>\n<meta name=\"description\" content=\"Entre os dias 02 e 05 de Setembro de 2025, a Southern African Research and Innovation Management Association (SARIMA) realizou mais uma Confer\u00eancia Anual,\" \/>\n<meta name=\"robots\" content=\"index, follow, max-snippet:-1, max-image-preview:large, max-video-preview:-1\" \/>\n<link rel=\"canonical\" href=\"https:\/\/direcaocientifica.uem.mz\/?p=1999\" \/>\n<meta property=\"og:locale\" content=\"pt_PT\" \/>\n<meta property=\"og:type\" content=\"article\" \/>\n<meta property=\"og:title\" content=\"A Direc\u00e7\u00e3o Cient\u00edfica da UEM marca presen\u00e7a na Confer\u00eancia da SARIMA\" \/>\n<meta property=\"og:description\" content=\"Entre os dias 02 e 05 de Setembro de 2025, a Southern African Research and Innovation Management Association (SARIMA) realizou mais uma Confer\u00eancia Anual,\" \/>\n<meta property=\"og:url\" content=\"https:\/\/direcaocientifica.uem.mz\/?p=1999\" \/>\n<meta property=\"og:site_name\" content=\"Direc\u00e7\u00e3o Cientifica\" \/>\n<meta property=\"article:published_time\" content=\"2025-09-12T13:40:00+00:00\" \/>\n<meta property=\"og:image\" content=\"https:\/\/direcaocientifica.uem.mz\/wp-content\/uploads\/2025\/09\/4.jpg\" \/>\n\t<meta property=\"og:image:width\" content=\"1200\" \/>\n\t<meta property=\"og:image:height\" content=\"1600\" \/>\n\t<meta property=\"og:image:type\" content=\"image\/jpeg\" \/>\n<meta name=\"author\" content=\"Uaite Primeiro\" \/>\n<meta name=\"twitter:card\" content=\"summary_large_image\" \/>\n<meta name=\"twitter:label1\" content=\"Escrito por\" \/>\n\t<meta name=\"twitter:data1\" content=\"Uaite Primeiro\" \/>\n\t<meta name=\"twitter:label2\" content=\"Tempo estimado de leitura\" \/>\n\t<meta name=\"twitter:data2\" content=\"4 minutos\" \/>\n<script type=\"application\/ld+json\" class=\"yoast-schema-graph\">{\"@context\":\"https:\/\/schema.org\",\"@graph\":[{\"@type\":\"WebPage\",\"@id\":\"https:\/\/direcaocientifica.uem.mz\/?p=1999\",\"url\":\"https:\/\/direcaocientifica.uem.mz\/?p=1999\",\"name\":\"A Direc\u00e7\u00e3o Cient\u00edfica da UEM marca presen\u00e7a na Confer\u00eancia da SARIMA\",\"isPartOf\":{\"@id\":\"https:\/\/direcaocientifica.uem.mz\/#website\"},\"primaryImageOfPage\":{\"@id\":\"https:\/\/direcaocientifica.uem.mz\/?p=1999#primaryimage\"},\"image\":{\"@id\":\"https:\/\/direcaocientifica.uem.mz\/?p=1999#primaryimage\"},\"thumbnailUrl\":\"https:\/\/direcaocientifica.uem.mz\/wp-content\/uploads\/2025\/09\/4.jpg\",\"datePublished\":\"2025-09-12T13:40:00+00:00\",\"author\":{\"@id\":\"https:\/\/direcaocientifica.uem.mz\/#\/schema\/person\/b6a79584a4a6ed9e6b3e5610c9fc7b29\"},\"description\":\"Entre os dias 02 e 05 de Setembro de 2025, a Southern African Research and Innovation Management Association (SARIMA) realizou mais uma Confer\u00eancia Anual,\",\"breadcrumb\":{\"@id\":\"https:\/\/direcaocientifica.uem.mz\/?p=1999#breadcrumb\"},\"inLanguage\":\"pt-PT\",\"potentialAction\":[{\"@type\":\"ReadAction\",\"target\":[\"https:\/\/direcaocientifica.uem.mz\/?p=1999\"]}]},{\"@type\":\"ImageObject\",\"inLanguage\":\"pt-PT\",\"@id\":\"https:\/\/direcaocientifica.uem.mz\/?p=1999#primaryimage\",\"url\":\"https:\/\/direcaocientifica.uem.mz\/wp-content\/uploads\/2025\/09\/4.jpg\",\"contentUrl\":\"https:\/\/direcaocientifica.uem.mz\/wp-content\/uploads\/2025\/09\/4.jpg\",\"width\":1200,\"height\":1600},{\"@type\":\"BreadcrumbList\",\"@id\":\"https:\/\/direcaocientifica.uem.mz\/?p=1999#breadcrumb\",\"itemListElement\":[{\"@type\":\"ListItem\",\"position\":1,\"name\":\"Home\",\"item\":\"https:\/\/direcaocientifica.uem.mz\/\"},{\"@type\":\"ListItem\",\"position\":2,\"name\":\"A Direc\u00e7\u00e3o Cient\u00edfica da UEM marca presen\u00e7a na Confer\u00eancia da SARIMA\"}]},{\"@type\":\"WebSite\",\"@id\":\"https:\/\/direcaocientifica.uem.mz\/#website\",\"url\":\"https:\/\/direcaocientifica.uem.mz\/\",\"name\":\"Direc\u00e7\u00e3o Cientifica\",\"description\":\"\",\"alternateName\":\"DC\",\"potentialAction\":[{\"@type\":\"SearchAction\",\"target\":{\"@type\":\"EntryPoint\",\"urlTemplate\":\"https:\/\/direcaocientifica.uem.mz\/?s={search_term_string}\"},\"query-input\":{\"@type\":\"PropertyValueSpecification\",\"valueRequired\":true,\"valueName\":\"search_term_string\"}}],\"inLanguage\":\"pt-PT\"},{\"@type\":\"Person\",\"@id\":\"https:\/\/direcaocientifica.uem.mz\/#\/schema\/person\/b6a79584a4a6ed9e6b3e5610c9fc7b29\",\"name\":\"Uaite Primeiro\",\"image\":{\"@type\":\"ImageObject\",\"inLanguage\":\"pt-PT\",\"@id\":\"https:\/\/direcaocientifica.uem.mz\/#\/schema\/person\/image\/\",\"url\":\"https:\/\/secure.gravatar.com\/avatar\/5c003e58a0e1cc16cdc02b8cfeb60c17f25922638d8a8201beb678d6cbf1a170?s=96&d=mm&r=g\",\"contentUrl\":\"https:\/\/secure.gravatar.com\/avatar\/5c003e58a0e1cc16cdc02b8cfeb60c17f25922638d8a8201beb678d6cbf1a170?s=96&d=mm&r=g\",\"caption\":\"Uaite Primeiro\"}}]}<\/script>\n<!-- \/ Yoast SEO plugin. -->","yoast_head_json":{"title":"A Direc\u00e7\u00e3o Cient\u00edfica da UEM marca presen\u00e7a na Confer\u00eancia da SARIMA","description":"Entre os dias 02 e 05 de Setembro de 2025, a Southern African Research and Innovation Management Association (SARIMA) realizou mais uma Confer\u00eancia Anual,","robots":{"index":"index","follow":"follow","max-snippet":"max-snippet:-1","max-image-preview":"max-image-preview:large","max-video-preview":"max-video-preview:-1"},"canonical":"https:\/\/direcaocientifica.uem.mz\/?p=1999","og_locale":"pt_PT","og_type":"article","og_title":"A Direc\u00e7\u00e3o Cient\u00edfica da UEM marca presen\u00e7a na Confer\u00eancia da SARIMA","og_description":"Entre os dias 02 e 05 de Setembro de 2025, a Southern African Research and Innovation Management Association (SARIMA) realizou mais uma Confer\u00eancia Anual,","og_url":"https:\/\/direcaocientifica.uem.mz\/?p=1999","og_site_name":"Direc\u00e7\u00e3o Cientifica","article_published_time":"2025-09-12T13:40:00+00:00","og_image":[{"width":1200,"height":1600,"url":"https:\/\/direcaocientifica.uem.mz\/wp-content\/uploads\/2025\/09\/4.jpg","type":"image\/jpeg"}],"author":"Uaite Primeiro","twitter_card":"summary_large_image","twitter_misc":{"Escrito por":"Uaite Primeiro","Tempo estimado de leitura":"4 minutos"},"schema":{"@context":"https:\/\/schema.org","@graph":[{"@type":"WebPage","@id":"https:\/\/direcaocientifica.uem.mz\/?p=1999","url":"https:\/\/direcaocientifica.uem.mz\/?p=1999","name":"A Direc\u00e7\u00e3o Cient\u00edfica da UEM marca presen\u00e7a na Confer\u00eancia da SARIMA","isPartOf":{"@id":"https:\/\/direcaocientifica.uem.mz\/#website"},"primaryImageOfPage":{"@id":"https:\/\/direcaocientifica.uem.mz\/?p=1999#primaryimage"},"image":{"@id":"https:\/\/direcaocientifica.uem.mz\/?p=1999#primaryimage"},"thumbnailUrl":"https:\/\/direcaocientifica.uem.mz\/wp-content\/uploads\/2025\/09\/4.jpg","datePublished":"2025-09-12T13:40:00+00:00","author":{"@id":"https:\/\/direcaocientifica.uem.mz\/#\/schema\/person\/b6a79584a4a6ed9e6b3e5610c9fc7b29"},"description":"Entre os dias 02 e 05 de Setembro de 2025, a Southern African Research and Innovation Management Association (SARIMA) realizou mais uma Confer\u00eancia Anual,","breadcrumb":{"@id":"https:\/\/direcaocientifica.uem.mz\/?p=1999#breadcrumb"},"inLanguage":"pt-PT","potentialAction":[{"@type":"ReadAction","target":["https:\/\/direcaocientifica.uem.mz\/?p=1999"]}]},{"@type":"ImageObject","inLanguage":"pt-PT","@id":"https:\/\/direcaocientifica.uem.mz\/?p=1999#primaryimage","url":"https:\/\/direcaocientifica.uem.mz\/wp-content\/uploads\/2025\/09\/4.jpg","contentUrl":"https:\/\/direcaocientifica.uem.mz\/wp-content\/uploads\/2025\/09\/4.jpg","width":1200,"height":1600},{"@type":"BreadcrumbList","@id":"https:\/\/direcaocientifica.uem.mz\/?p=1999#breadcrumb","itemListElement":[{"@type":"ListItem","position":1,"name":"Home","item":"https:\/\/direcaocientifica.uem.mz\/"},{"@type":"ListItem","position":2,"name":"A Direc\u00e7\u00e3o Cient\u00edfica da UEM marca presen\u00e7a na Confer\u00eancia da SARIMA"}]},{"@type":"WebSite","@id":"https:\/\/direcaocientifica.uem.mz\/#website","url":"https:\/\/direcaocientifica.uem.mz\/","name":"Direc\u00e7\u00e3o Cientifica","description":"","alternateName":"DC","potentialAction":[{"@type":"SearchAction","target":{"@type":"EntryPoint","urlTemplate":"https:\/\/direcaocientifica.uem.mz\/?s={search_term_string}"},"query-input":{"@type":"PropertyValueSpecification","valueRequired":true,"valueName":"search_term_string"}}],"inLanguage":"pt-PT"},{"@type":"Person","@id":"https:\/\/direcaocientifica.uem.mz\/#\/schema\/person\/b6a79584a4a6ed9e6b3e5610c9fc7b29","name":"Uaite Primeiro","image":{"@type":"ImageObject","inLanguage":"pt-PT","@id":"https:\/\/direcaocientifica.uem.mz\/#\/schema\/person\/image\/","url":"https:\/\/secure.gravatar.com\/avatar\/5c003e58a0e1cc16cdc02b8cfeb60c17f25922638d8a8201beb678d6cbf1a170?s=96&d=mm&r=g","contentUrl":"https:\/\/secure.gravatar.com\/avatar\/5c003e58a0e1cc16cdc02b8cfeb60c17f25922638d8a8201beb678d6cbf1a170?s=96&d=mm&r=g","caption":"Uaite Primeiro"}}]}},"rttpg_featured_image_url":{"full":["https:\/\/direcaocientifica.uem.mz\/wp-content\/uploads\/2025\/09\/4.jpg",1200,1600,false],"landscape":["https:\/\/direcaocientifica.uem.mz\/wp-content\/uploads\/2025\/09\/4.jpg",1200,1600,false],"portraits":["https:\/\/direcaocientifica.uem.mz\/wp-content\/uploads\/2025\/09\/4.jpg",1200,1600,false],"thumbnail":["https:\/\/direcaocientifica.uem.mz\/wp-content\/uploads\/2025\/09\/4-150x150.jpg",150,150,true],"medium":["https:\/\/direcaocientifica.uem.mz\/wp-content\/uploads\/2025\/09\/4-225x300.jpg",225,300,true],"large":["https:\/\/direcaocientifica.uem.mz\/wp-content\/uploads\/2025\/09\/4-768x1024.jpg",768,1024,true],"1536x1536":["https:\/\/direcaocientifica.uem.mz\/wp-content\/uploads\/2025\/09\/4-1152x1536.jpg",1152,1536,true],"2048x2048":["https:\/\/direcaocientifica.uem.mz\/wp-content\/uploads\/2025\/09\/4.jpg",1200,1600,false]},"rttpg_author":{"display_name":"Uaite Primeiro","author_link":"https:\/\/direcaocientifica.uem.mz\/?author=6"},"rttpg_comment":0,"rttpg_category":"<a href=\"https:\/\/direcaocientifica.uem.mz\/?cat=3\" rel=\"category\">Noticias<\/a>","rttpg_excerpt":"Entre os dias 02 e 05 de Setembro de 2025, a Southern African Research and Innovation Management Association (SARIMA) realizou mais uma Confer\u00eancia Anual, em Stellenbosch, na \u00c1frica do Sul. Na ocasi\u00e3o, tr\u00eas membros da Direc\u00e7\u00e3o Cient\u00edfica da Universidade Eduardo Mondlane (UEM), nomeadamente o Prof. Doutor Em\u00edlio Tost\u00e3o, o Prof. Serafim Alberto e o Mestre&hellip;","_links":{"self":[{"href":"https:\/\/direcaocientifica.uem.mz\/index.php?rest_route=\/wp\/v2\/posts\/1999","targetHints":{"allow":["GET"]}}],"collection":[{"href":"https:\/\/direcaocientifica.uem.mz\/index.php?rest_route=\/wp\/v2\/posts"}],"about":[{"href":"https:\/\/direcaocientifica.uem.mz\/index.php?rest_route=\/wp\/v2\/types\/post"}],"author":[{"embeddable":true,"href":"https:\/\/direcaocientifica.uem.mz\/index.php?rest_route=\/wp\/v2\/users\/6"}],"replies":[{"embeddable":true,"href":"https:\/\/direcaocientifica.uem.mz\/index.php?rest_route=%2Fwp%2Fv2%2Fcomments&post=1999"}],"version-history":[{"count":8,"href":"https:\/\/direcaocientifica.uem.mz\/index.php?rest_route=\/wp\/v2\/posts\/1999\/revisions"}],"predecessor-version":[{"id":2014,"href":"https:\/\/direcaocientifica.uem.mz\/index.php?rest_route=\/wp\/v2\/posts\/1999\/revisions\/2014"}],"wp:featuredmedia":[{"embeddable":true,"href":"https:\/\/direcaocientifica.uem.mz\/index.php?rest_route=\/wp\/v2\/media\/2004"}],"wp:attachment":[{"href":"https:\/\/direcaocientifica.uem.mz\/index.php?rest_route=%2Fwp%2Fv2%2Fmedia&parent=1999"}],"wp:term":[{"taxonomy":"category","embeddable":true,"href":"https:\/\/direcaocientifica.uem.mz\/index.php?rest_route=%2Fwp%2Fv2%2Fcategories&post=1999"},{"taxonomy":"post_tag","embeddable":true,"href":"https:\/\/direcaocientifica.uem.mz\/index.php?rest_route=%2Fwp%2Fv2%2Ftags&post=1999"}],"curies":[{"name":"wp","href":"https:\/\/api.w.org\/{rel}","templated":true}]}}