{"id":1961,"date":"2025-09-03T18:02:03","date_gmt":"2025-09-03T18:02:03","guid":{"rendered":"https:\/\/direcaocientifica.uem.mz\/?p=1961"},"modified":"2025-09-03T19:50:36","modified_gmt":"2025-09-03T19:50:36","slug":"a-universidade-eduardo-mondlane-e-a-fundacao-oswaldo-cruz-debatem-modelos-inovadores-de-partilha-de-infraestruturas-de-apoio-a-investigacao","status":"publish","type":"post","link":"https:\/\/direcaocientifica.uem.mz\/?p=1961","title":{"rendered":"A Universidade Eduardo Mondlane e a Funda\u00e7\u00e3o Oswaldo Cruz debatem modelos inovadores de partilha de infraestruturas de apoio \u00e0 investiga\u00e7\u00e3o"},"content":{"rendered":"\t\t<div data-elementor-type=\"wp-post\" data-elementor-id=\"1961\" class=\"elementor elementor-1961\">\n\t\t\t\t<div class=\"elementor-element elementor-element-f0f1057 e-flex e-con-boxed e-con e-parent\" data-id=\"f0f1057\" data-element_type=\"container\">\n\t\t\t\t\t<div class=\"e-con-inner\">\n\t\t\t\t<div class=\"elementor-element elementor-element-3b17e90 elementor-widget elementor-widget-text-editor\" data-id=\"3b17e90\" data-element_type=\"widget\" data-widget_type=\"text-editor.default\">\n\t\t\t\t<div class=\"elementor-widget-container\">\n\t\t\t\t\t\t\t\t\t<p>A Direc\u00e7\u00e3o Cient\u00edfica (DC) teve o privil\u00e9gio de organizar, na tarde da \u00faltima sexta-feira, 29 de Agosto de 2025, um simp\u00f3sio online para discutir modelos de partilha de laborat\u00f3rios. O objectivo da iniciativa foi recolher contribui\u00e7\u00f5es dos participantes com vista ao melhoramento e finaliza\u00e7\u00e3o do Guia de Partilha de Laborat\u00f3rios, um dos principais produtos da \u00e1rea de interven\u00e7\u00e3o 5 (<em>Research Infrastructure Management<\/em>) do projecto SARIMA.<\/p><p>Na qualidade de representante da DC, o Director Cient\u00edfico da UEM,\u00a0 Prof. Doutor Em\u00edlio Tost\u00e3o, fez a abertura do evento. Na ocasi\u00e3o, coube ao dirigente contextualizar o evento e destacar os avan\u00e7os registados na actividade de elabora\u00e7\u00e3o do documento, incluindo os valores que esta iniciativa certamente acrescentaria \u00e0 universidade, com \u00eanfase na redu\u00e7\u00e3o de esfor\u00e7os financeiros para aquisi\u00e7\u00e3o de equipamentos, na colabora\u00e7\u00e3o cada vez mais activa entre investigadores de \u00e1reas afins e, finalmente, na possibilidade de maximiza\u00e7\u00e3o de resultados cient\u00edficos.\u00a0<\/p><p>A sess\u00e3o foi conduzida pela Funda\u00e7\u00e3o Oswaldo Cruz (Fiocruz) do Brasil, representada por dois mentores, nomeadamente C\u00e1ssia Pereira e Wim Degrave. As suas interven\u00e7\u00f5es tiveram como pontos centrais (1) O Valor dos Laborat\u00f3rios Compartilhados; (2) Estudo de Caso: Rede de Plataformas Tecnol\u00f3gicas da Fiocruz; e (3) Espa\u00e7o Interactivo: Aplica\u00e7\u00e3o no Contexto Mo\u00e7ambicano.<\/p><p>O evento reuniu um p\u00fablico diverso, incluindo Directores-Adjuntos para Investiga\u00e7\u00e3o e Extens\u00e3o e Gestores de Laborat\u00f3rios de v\u00e1rias faculdades. Os participantes demonstraram grande interesse na iniciativa e contribu\u00edram activamente com suas perspectivas sobre como tornar o modelo de partilha de laborat\u00f3rios mais eficaz dentro da universidade.<\/p><p>Na sequ\u00eancia desta actividade, prev\u00ea-se que se realize no final de Outubro deste ano, em Maputo, um segundo simp\u00f3sio, que incluir\u00e1 visitas guiadas a seis laborat\u00f3rios seleccionados para integrarem o grupo piloto da plataforma de partilha de laborat\u00f3rios.<\/p>\t\t\t\t\t\t\t\t<\/div>\n\t\t\t\t<\/div>\n\t\t\t\t\t<\/div>\n\t\t\t\t<\/div>\n\t\t<div class=\"elementor-element elementor-element-456720a e-con-full e-flex e-con e-parent\" data-id=\"456720a\" data-element_type=\"container\">\n\t\t\t\t<div class=\"elementor-element elementor-element-6e473e3 elementor-widget elementor-widget-image\" data-id=\"6e473e3\" data-element_type=\"widget\" data-widget_type=\"image.default\">\n\t\t\t\t<div class=\"elementor-widget-container\">\n\t\t\t\t\t\t\t\t\t\t\t\t\t\t\t<img fetchpriority=\"high\" decoding=\"async\" width=\"768\" height=\"400\" src=\"https:\/\/direcaocientifica.uem.mz\/wp-content\/uploads\/2025\/09\/1-768x400.png\" class=\"attachment-medium_large size-medium_large wp-image-1970\" alt=\"\" srcset=\"https:\/\/direcaocientifica.uem.mz\/wp-content\/uploads\/2025\/09\/1-768x400.png 768w, https:\/\/direcaocientifica.uem.mz\/wp-content\/uploads\/2025\/09\/1-300x156.png 300w, https:\/\/direcaocientifica.uem.mz\/wp-content\/uploads\/2025\/09\/1-1024x533.png 1024w, https:\/\/direcaocientifica.uem.mz\/wp-content\/uploads\/2025\/09\/1-1536x799.png 1536w, https:\/\/direcaocientifica.uem.mz\/wp-content\/uploads\/2025\/09\/1.png 1920w\" sizes=\"(max-width: 768px) 100vw, 768px\" \/>\t\t\t\t\t\t\t\t\t\t\t\t\t\t\t<\/div>\n\t\t\t\t<\/div>\n\t\t\t\t<div class=\"elementor-element elementor-element-3ace51e elementor-widget__width-initial elementor-widget elementor-widget-image\" data-id=\"3ace51e\" data-element_type=\"widget\" data-widget_type=\"image.default\">\n\t\t\t\t<div class=\"elementor-widget-container\">\n\t\t\t\t\t\t\t\t\t\t\t\t\t\t\t<img decoding=\"async\" width=\"768\" height=\"331\" src=\"https:\/\/direcaocientifica.uem.mz\/wp-content\/uploads\/2025\/09\/2-768x331.png\" class=\"attachment-medium_large size-medium_large wp-image-1971\" alt=\"\" srcset=\"https:\/\/direcaocientifica.uem.mz\/wp-content\/uploads\/2025\/09\/2-768x331.png 768w, https:\/\/direcaocientifica.uem.mz\/wp-content\/uploads\/2025\/09\/2-300x129.png 300w, https:\/\/direcaocientifica.uem.mz\/wp-content\/uploads\/2025\/09\/2-1024x442.png 1024w, https:\/\/direcaocientifica.uem.mz\/wp-content\/uploads\/2025\/09\/2-1536x662.png 1536w, https:\/\/direcaocientifica.uem.mz\/wp-content\/uploads\/2025\/09\/2.png 1920w\" sizes=\"(max-width: 768px) 100vw, 768px\" \/>\t\t\t\t\t\t\t\t\t\t\t\t\t\t\t<\/div>\n\t\t\t\t<\/div>\n\t\t\t\t<\/div>\n\t\t<div class=\"elementor-element elementor-element-a14dfdd e-con-full e-flex e-con e-parent\" data-id=\"a14dfdd\" data-element_type=\"container\">\n\t\t\t\t<div class=\"elementor-element elementor-element-c79ea16 elementor-widget elementor-widget-image\" data-id=\"c79ea16\" data-element_type=\"widget\" data-widget_type=\"image.default\">\n\t\t\t\t<div class=\"elementor-widget-container\">\n\t\t\t\t\t\t\t\t\t\t\t\t\t\t\t<img decoding=\"async\" width=\"1024\" height=\"493\" src=\"https:\/\/direcaocientifica.uem.mz\/wp-content\/uploads\/2025\/09\/3-1-1024x493.png\" class=\"attachment-large size-large wp-image-1978\" alt=\"\" srcset=\"https:\/\/direcaocientifica.uem.mz\/wp-content\/uploads\/2025\/09\/3-1-1024x493.png 1024w, https:\/\/direcaocientifica.uem.mz\/wp-content\/uploads\/2025\/09\/3-1-300x144.png 300w, https:\/\/direcaocientifica.uem.mz\/wp-content\/uploads\/2025\/09\/3-1-768x370.png 768w, https:\/\/direcaocientifica.uem.mz\/wp-content\/uploads\/2025\/09\/3-1-1536x739.png 1536w, https:\/\/direcaocientifica.uem.mz\/wp-content\/uploads\/2025\/09\/3-1.png 1920w\" sizes=\"(max-width: 1024px) 100vw, 1024px\" \/>\t\t\t\t\t\t\t\t\t\t\t\t\t\t\t<\/div>\n\t\t\t\t<\/div>\n\t\t\t\t<div class=\"elementor-element elementor-element-8cd2ee5 elementor-widget elementor-widget-image\" data-id=\"8cd2ee5\" data-element_type=\"widget\" data-widget_type=\"image.default\">\n\t\t\t\t<div class=\"elementor-widget-container\">\n\t\t\t\t\t\t\t\t\t\t\t\t\t\t\t<img loading=\"lazy\" decoding=\"async\" width=\"1024\" height=\"485\" src=\"https:\/\/direcaocientifica.uem.mz\/wp-content\/uploads\/2025\/09\/4-1-1024x485.png\" class=\"attachment-large size-large wp-image-1984\" alt=\"\" srcset=\"https:\/\/direcaocientifica.uem.mz\/wp-content\/uploads\/2025\/09\/4-1-1024x485.png 1024w, https:\/\/direcaocientifica.uem.mz\/wp-content\/uploads\/2025\/09\/4-1-300x142.png 300w, https:\/\/direcaocientifica.uem.mz\/wp-content\/uploads\/2025\/09\/4-1-768x364.png 768w, https:\/\/direcaocientifica.uem.mz\/wp-content\/uploads\/2025\/09\/4-1-1536x727.png 1536w, https:\/\/direcaocientifica.uem.mz\/wp-content\/uploads\/2025\/09\/4-1.png 1920w\" sizes=\"(max-width: 1024px) 100vw, 1024px\" \/>\t\t\t\t\t\t\t\t\t\t\t\t\t\t\t<\/div>\n\t\t\t\t<\/div>\n\t\t\t\t<div class=\"elementor-element elementor-element-e479c66 elementor-widget elementor-widget-image\" data-id=\"e479c66\" data-element_type=\"widget\" data-widget_type=\"image.default\">\n\t\t\t\t<div class=\"elementor-widget-container\">\n\t\t\t\t\t\t\t\t\t\t\t\t\t\t\t<img loading=\"lazy\" decoding=\"async\" width=\"1024\" height=\"503\" src=\"https:\/\/direcaocientifica.uem.mz\/wp-content\/uploads\/2025\/09\/88-1-1024x503.png\" class=\"attachment-large size-large wp-image-1982\" alt=\"\" srcset=\"https:\/\/direcaocientifica.uem.mz\/wp-content\/uploads\/2025\/09\/88-1-1024x503.png 1024w, https:\/\/direcaocientifica.uem.mz\/wp-content\/uploads\/2025\/09\/88-1-300x147.png 300w, https:\/\/direcaocientifica.uem.mz\/wp-content\/uploads\/2025\/09\/88-1-768x377.png 768w, https:\/\/direcaocientifica.uem.mz\/wp-content\/uploads\/2025\/09\/88-1-1536x754.png 1536w, https:\/\/direcaocientifica.uem.mz\/wp-content\/uploads\/2025\/09\/88-1.png 1920w\" sizes=\"(max-width: 1024px) 100vw, 1024px\" \/>\t\t\t\t\t\t\t\t\t\t\t\t\t\t\t<\/div>\n\t\t\t\t<\/div>\n\t\t\t\t<\/div>\n\t\t<div class=\"elementor-element elementor-element-b75b348 e-con-full e-flex e-con e-parent\" data-id=\"b75b348\" data-element_type=\"container\">\n\t\t\t\t<\/div>\n\t\t\t\t<\/div>\n\t\t","protected":false},"excerpt":{"rendered":"<p>A Direc\u00e7\u00e3o Cient\u00edfica (DC) teve o privil\u00e9gio de organizar, na tarde da \u00faltima sexta-feira, 29 de Agosto de 2025, um simp\u00f3sio online para discutir modelos de partilha de laborat\u00f3rios. O objectivo da iniciativa foi recolher contribui\u00e7\u00f5es dos participantes com vista ao melhoramento e finaliza\u00e7\u00e3o do Guia de Partilha de Laborat\u00f3rios, um dos principais produtos da [&hellip;]<\/p>\n","protected":false},"author":6,"featured_media":1970,"comment_status":"open","ping_status":"open","sticky":false,"template":"","format":"standard","meta":{"inline_featured_image":false,"site-sidebar-layout":"default","site-content-layout":"","ast-site-content-layout":"","site-content-style":"default","site-sidebar-style":"default","ast-global-header-display":"","ast-banner-title-visibility":"","ast-main-header-display":"","ast-hfb-above-header-display":"","ast-hfb-below-header-display":"","ast-hfb-mobile-header-display":"","site-post-title":"","ast-breadcrumbs-content":"","ast-featured-img":"","footer-sml-layout":"","theme-transparent-header-meta":"","adv-header-id-meta":"","stick-header-meta":"","header-above-stick-meta":"","header-main-stick-meta":"","header-below-stick-meta":"","astra-migrate-meta-layouts":"default","ast-page-background-enabled":"default","ast-page-background-meta":{"desktop":{"background-color":"var(--ast-global-color-5)","background-image":"","background-repeat":"repeat","background-position":"center center","background-size":"auto","background-attachment":"scroll","background-type":"","background-media":"","overlay-type":"","overlay-color":"","overlay-opacity":"","overlay-gradient":""},"tablet":{"background-color":"","background-image":"","background-repeat":"repeat","background-position":"center center","background-size":"auto","background-attachment":"scroll","background-type":"","background-media":"","overlay-type":"","overlay-color":"","overlay-opacity":"","overlay-gradient":""},"mobile":{"background-color":"","background-image":"","background-repeat":"repeat","background-position":"center center","background-size":"auto","background-attachment":"scroll","background-type":"","background-media":"","overlay-type":"","overlay-color":"","overlay-opacity":"","overlay-gradient":""}},"ast-content-background-meta":{"desktop":{"background-color":"var(--ast-global-color-4)","background-image":"","background-repeat":"repeat","background-position":"center center","background-size":"auto","background-attachment":"scroll","background-type":"","background-media":"","overlay-type":"","overlay-color":"","overlay-opacity":"","overlay-gradient":""},"tablet":{"background-color":"var(--ast-global-color-4)","background-image":"","background-repeat":"repeat","background-position":"center center","background-size":"auto","background-attachment":"scroll","background-type":"","background-media":"","overlay-type":"","overlay-color":"","overlay-opacity":"","overlay-gradient":""},"mobile":{"background-color":"var(--ast-global-color-4)","background-image":"","background-repeat":"repeat","background-position":"center center","background-size":"auto","background-attachment":"scroll","background-type":"","background-media":"","overlay-type":"","overlay-color":"","overlay-opacity":"","overlay-gradient":""}},"footnotes":""},"categories":[3],"tags":[],"class_list":["post-1961","post","type-post","status-publish","format-standard","has-post-thumbnail","hentry","category-noticias"],"yoast_head":"<!-- This site is optimized with the Yoast SEO plugin v26.3 - https:\/\/yoast.com\/wordpress\/plugins\/seo\/ -->\n<title>A Universidade Eduardo Mondlane e a Funda\u00e7\u00e3o Oswaldo Cruz debatem modelos inovadores de partilha de infraestruturas de apoio \u00e0 investiga\u00e7\u00e3o<\/title>\n<meta name=\"description\" content=\"A Direc\u00e7\u00e3o Cient\u00edfica (DC) teve o privil\u00e9gio de organizar, na tarde da \u00faltima sexta-feira, 29 de Agosto de 2025, um simp\u00f3sio online para discutir modelos\" \/>\n<meta name=\"robots\" content=\"index, follow, max-snippet:-1, max-image-preview:large, max-video-preview:-1\" \/>\n<link rel=\"canonical\" href=\"https:\/\/direcaocientifica.uem.mz\/?p=1961\" \/>\n<meta property=\"og:locale\" content=\"pt_PT\" \/>\n<meta property=\"og:type\" content=\"article\" \/>\n<meta property=\"og:title\" content=\"A Universidade Eduardo Mondlane e a Funda\u00e7\u00e3o Oswaldo Cruz debatem modelos inovadores de partilha de infraestruturas de apoio \u00e0 investiga\u00e7\u00e3o\" \/>\n<meta property=\"og:description\" content=\"A Direc\u00e7\u00e3o Cient\u00edfica (DC) teve o privil\u00e9gio de organizar, na tarde da \u00faltima sexta-feira, 29 de Agosto de 2025, um simp\u00f3sio online para discutir modelos\" \/>\n<meta property=\"og:url\" content=\"https:\/\/direcaocientifica.uem.mz\/?p=1961\" \/>\n<meta property=\"og:site_name\" content=\"Direc\u00e7\u00e3o Cientifica\" \/>\n<meta property=\"article:published_time\" content=\"2025-09-03T18:02:03+00:00\" \/>\n<meta property=\"article:modified_time\" content=\"2025-09-03T19:50:36+00:00\" \/>\n<meta property=\"og:image\" content=\"https:\/\/direcaocientifica.uem.mz\/wp-content\/uploads\/2025\/09\/1.png\" \/>\n\t<meta property=\"og:image:width\" content=\"1920\" \/>\n\t<meta property=\"og:image:height\" content=\"999\" \/>\n\t<meta property=\"og:image:type\" content=\"image\/png\" \/>\n<meta name=\"author\" content=\"Uaite Primeiro\" \/>\n<meta name=\"twitter:card\" content=\"summary_large_image\" \/>\n<meta name=\"twitter:label1\" content=\"Escrito por\" \/>\n\t<meta name=\"twitter:data1\" content=\"Uaite Primeiro\" \/>\n\t<meta name=\"twitter:label2\" content=\"Tempo estimado de leitura\" \/>\n\t<meta name=\"twitter:data2\" content=\"3 minutos\" \/>\n<script type=\"application\/ld+json\" class=\"yoast-schema-graph\">{\"@context\":\"https:\/\/schema.org\",\"@graph\":[{\"@type\":\"WebPage\",\"@id\":\"https:\/\/direcaocientifica.uem.mz\/?p=1961\",\"url\":\"https:\/\/direcaocientifica.uem.mz\/?p=1961\",\"name\":\"A Universidade Eduardo Mondlane e a Funda\u00e7\u00e3o Oswaldo Cruz debatem modelos inovadores de partilha de infraestruturas de apoio \u00e0 investiga\u00e7\u00e3o\",\"isPartOf\":{\"@id\":\"https:\/\/direcaocientifica.uem.mz\/#website\"},\"primaryImageOfPage\":{\"@id\":\"https:\/\/direcaocientifica.uem.mz\/?p=1961#primaryimage\"},\"image\":{\"@id\":\"https:\/\/direcaocientifica.uem.mz\/?p=1961#primaryimage\"},\"thumbnailUrl\":\"https:\/\/direcaocientifica.uem.mz\/wp-content\/uploads\/2025\/09\/1.png\",\"datePublished\":\"2025-09-03T18:02:03+00:00\",\"dateModified\":\"2025-09-03T19:50:36+00:00\",\"author\":{\"@id\":\"https:\/\/direcaocientifica.uem.mz\/#\/schema\/person\/b6a79584a4a6ed9e6b3e5610c9fc7b29\"},\"description\":\"A Direc\u00e7\u00e3o Cient\u00edfica (DC) teve o privil\u00e9gio de organizar, na tarde da \u00faltima sexta-feira, 29 de Agosto de 2025, um simp\u00f3sio online para discutir modelos\",\"breadcrumb\":{\"@id\":\"https:\/\/direcaocientifica.uem.mz\/?p=1961#breadcrumb\"},\"inLanguage\":\"pt-PT\",\"potentialAction\":[{\"@type\":\"ReadAction\",\"target\":[\"https:\/\/direcaocientifica.uem.mz\/?p=1961\"]}]},{\"@type\":\"ImageObject\",\"inLanguage\":\"pt-PT\",\"@id\":\"https:\/\/direcaocientifica.uem.mz\/?p=1961#primaryimage\",\"url\":\"https:\/\/direcaocientifica.uem.mz\/wp-content\/uploads\/2025\/09\/1.png\",\"contentUrl\":\"https:\/\/direcaocientifica.uem.mz\/wp-content\/uploads\/2025\/09\/1.png\",\"width\":1920,\"height\":999},{\"@type\":\"BreadcrumbList\",\"@id\":\"https:\/\/direcaocientifica.uem.mz\/?p=1961#breadcrumb\",\"itemListElement\":[{\"@type\":\"ListItem\",\"position\":1,\"name\":\"Home\",\"item\":\"https:\/\/direcaocientifica.uem.mz\/\"},{\"@type\":\"ListItem\",\"position\":2,\"name\":\"A Universidade Eduardo Mondlane e a Funda\u00e7\u00e3o Oswaldo Cruz debatem modelos inovadores de partilha de infraestruturas de apoio \u00e0 investiga\u00e7\u00e3o\"}]},{\"@type\":\"WebSite\",\"@id\":\"https:\/\/direcaocientifica.uem.mz\/#website\",\"url\":\"https:\/\/direcaocientifica.uem.mz\/\",\"name\":\"Direc\u00e7\u00e3o Cientifica\",\"description\":\"\",\"alternateName\":\"DC\",\"potentialAction\":[{\"@type\":\"SearchAction\",\"target\":{\"@type\":\"EntryPoint\",\"urlTemplate\":\"https:\/\/direcaocientifica.uem.mz\/?s={search_term_string}\"},\"query-input\":{\"@type\":\"PropertyValueSpecification\",\"valueRequired\":true,\"valueName\":\"search_term_string\"}}],\"inLanguage\":\"pt-PT\"},{\"@type\":\"Person\",\"@id\":\"https:\/\/direcaocientifica.uem.mz\/#\/schema\/person\/b6a79584a4a6ed9e6b3e5610c9fc7b29\",\"name\":\"Uaite Primeiro\",\"image\":{\"@type\":\"ImageObject\",\"inLanguage\":\"pt-PT\",\"@id\":\"https:\/\/direcaocientifica.uem.mz\/#\/schema\/person\/image\/\",\"url\":\"https:\/\/secure.gravatar.com\/avatar\/5c003e58a0e1cc16cdc02b8cfeb60c17f25922638d8a8201beb678d6cbf1a170?s=96&d=mm&r=g\",\"contentUrl\":\"https:\/\/secure.gravatar.com\/avatar\/5c003e58a0e1cc16cdc02b8cfeb60c17f25922638d8a8201beb678d6cbf1a170?s=96&d=mm&r=g\",\"caption\":\"Uaite Primeiro\"}}]}<\/script>\n<!-- \/ Yoast SEO plugin. -->","yoast_head_json":{"title":"A Universidade Eduardo Mondlane e a Funda\u00e7\u00e3o Oswaldo Cruz debatem modelos inovadores de partilha de infraestruturas de apoio \u00e0 investiga\u00e7\u00e3o","description":"A Direc\u00e7\u00e3o Cient\u00edfica (DC) teve o privil\u00e9gio de organizar, na tarde da \u00faltima sexta-feira, 29 de Agosto de 2025, um simp\u00f3sio online para discutir modelos","robots":{"index":"index","follow":"follow","max-snippet":"max-snippet:-1","max-image-preview":"max-image-preview:large","max-video-preview":"max-video-preview:-1"},"canonical":"https:\/\/direcaocientifica.uem.mz\/?p=1961","og_locale":"pt_PT","og_type":"article","og_title":"A Universidade Eduardo Mondlane e a Funda\u00e7\u00e3o Oswaldo Cruz debatem modelos inovadores de partilha de infraestruturas de apoio \u00e0 investiga\u00e7\u00e3o","og_description":"A Direc\u00e7\u00e3o Cient\u00edfica (DC) teve o privil\u00e9gio de organizar, na tarde da \u00faltima sexta-feira, 29 de Agosto de 2025, um simp\u00f3sio online para discutir modelos","og_url":"https:\/\/direcaocientifica.uem.mz\/?p=1961","og_site_name":"Direc\u00e7\u00e3o Cientifica","article_published_time":"2025-09-03T18:02:03+00:00","article_modified_time":"2025-09-03T19:50:36+00:00","og_image":[{"width":1920,"height":999,"url":"https:\/\/direcaocientifica.uem.mz\/wp-content\/uploads\/2025\/09\/1.png","type":"image\/png"}],"author":"Uaite Primeiro","twitter_card":"summary_large_image","twitter_misc":{"Escrito por":"Uaite Primeiro","Tempo estimado de leitura":"3 minutos"},"schema":{"@context":"https:\/\/schema.org","@graph":[{"@type":"WebPage","@id":"https:\/\/direcaocientifica.uem.mz\/?p=1961","url":"https:\/\/direcaocientifica.uem.mz\/?p=1961","name":"A Universidade Eduardo Mondlane e a Funda\u00e7\u00e3o Oswaldo Cruz debatem modelos inovadores de partilha de infraestruturas de apoio \u00e0 investiga\u00e7\u00e3o","isPartOf":{"@id":"https:\/\/direcaocientifica.uem.mz\/#website"},"primaryImageOfPage":{"@id":"https:\/\/direcaocientifica.uem.mz\/?p=1961#primaryimage"},"image":{"@id":"https:\/\/direcaocientifica.uem.mz\/?p=1961#primaryimage"},"thumbnailUrl":"https:\/\/direcaocientifica.uem.mz\/wp-content\/uploads\/2025\/09\/1.png","datePublished":"2025-09-03T18:02:03+00:00","dateModified":"2025-09-03T19:50:36+00:00","author":{"@id":"https:\/\/direcaocientifica.uem.mz\/#\/schema\/person\/b6a79584a4a6ed9e6b3e5610c9fc7b29"},"description":"A Direc\u00e7\u00e3o Cient\u00edfica (DC) teve o privil\u00e9gio de organizar, na tarde da \u00faltima sexta-feira, 29 de Agosto de 2025, um simp\u00f3sio online para discutir modelos","breadcrumb":{"@id":"https:\/\/direcaocientifica.uem.mz\/?p=1961#breadcrumb"},"inLanguage":"pt-PT","potentialAction":[{"@type":"ReadAction","target":["https:\/\/direcaocientifica.uem.mz\/?p=1961"]}]},{"@type":"ImageObject","inLanguage":"pt-PT","@id":"https:\/\/direcaocientifica.uem.mz\/?p=1961#primaryimage","url":"https:\/\/direcaocientifica.uem.mz\/wp-content\/uploads\/2025\/09\/1.png","contentUrl":"https:\/\/direcaocientifica.uem.mz\/wp-content\/uploads\/2025\/09\/1.png","width":1920,"height":999},{"@type":"BreadcrumbList","@id":"https:\/\/direcaocientifica.uem.mz\/?p=1961#breadcrumb","itemListElement":[{"@type":"ListItem","position":1,"name":"Home","item":"https:\/\/direcaocientifica.uem.mz\/"},{"@type":"ListItem","position":2,"name":"A Universidade Eduardo Mondlane e a Funda\u00e7\u00e3o Oswaldo Cruz debatem modelos inovadores de partilha de infraestruturas de apoio \u00e0 investiga\u00e7\u00e3o"}]},{"@type":"WebSite","@id":"https:\/\/direcaocientifica.uem.mz\/#website","url":"https:\/\/direcaocientifica.uem.mz\/","name":"Direc\u00e7\u00e3o Cientifica","description":"","alternateName":"DC","potentialAction":[{"@type":"SearchAction","target":{"@type":"EntryPoint","urlTemplate":"https:\/\/direcaocientifica.uem.mz\/?s={search_term_string}"},"query-input":{"@type":"PropertyValueSpecification","valueRequired":true,"valueName":"search_term_string"}}],"inLanguage":"pt-PT"},{"@type":"Person","@id":"https:\/\/direcaocientifica.uem.mz\/#\/schema\/person\/b6a79584a4a6ed9e6b3e5610c9fc7b29","name":"Uaite Primeiro","image":{"@type":"ImageObject","inLanguage":"pt-PT","@id":"https:\/\/direcaocientifica.uem.mz\/#\/schema\/person\/image\/","url":"https:\/\/secure.gravatar.com\/avatar\/5c003e58a0e1cc16cdc02b8cfeb60c17f25922638d8a8201beb678d6cbf1a170?s=96&d=mm&r=g","contentUrl":"https:\/\/secure.gravatar.com\/avatar\/5c003e58a0e1cc16cdc02b8cfeb60c17f25922638d8a8201beb678d6cbf1a170?s=96&d=mm&r=g","caption":"Uaite Primeiro"}}]}},"rttpg_featured_image_url":{"full":["https:\/\/direcaocientifica.uem.mz\/wp-content\/uploads\/2025\/09\/1.png",1920,999,false],"landscape":["https:\/\/direcaocientifica.uem.mz\/wp-content\/uploads\/2025\/09\/1.png",1920,999,false],"portraits":["https:\/\/direcaocientifica.uem.mz\/wp-content\/uploads\/2025\/09\/1.png",1920,999,false],"thumbnail":["https:\/\/direcaocientifica.uem.mz\/wp-content\/uploads\/2025\/09\/1-150x150.png",150,150,true],"medium":["https:\/\/direcaocientifica.uem.mz\/wp-content\/uploads\/2025\/09\/1-300x156.png",300,156,true],"large":["https:\/\/direcaocientifica.uem.mz\/wp-content\/uploads\/2025\/09\/1-1024x533.png",1024,533,true],"1536x1536":["https:\/\/direcaocientifica.uem.mz\/wp-content\/uploads\/2025\/09\/1-1536x799.png",1536,799,true],"2048x2048":["https:\/\/direcaocientifica.uem.mz\/wp-content\/uploads\/2025\/09\/1.png",1920,999,false]},"rttpg_author":{"display_name":"Uaite Primeiro","author_link":"https:\/\/direcaocientifica.uem.mz\/?author=6"},"rttpg_comment":1,"rttpg_category":"<a href=\"https:\/\/direcaocientifica.uem.mz\/?cat=3\" rel=\"category\">Noticias<\/a>","rttpg_excerpt":"A Direc\u00e7\u00e3o Cient\u00edfica (DC) teve o privil\u00e9gio de organizar, na tarde da \u00faltima sexta-feira, 29 de Agosto de 2025, um simp\u00f3sio online para discutir modelos de partilha de laborat\u00f3rios. O objectivo da iniciativa foi recolher contribui\u00e7\u00f5es dos participantes com vista ao melhoramento e finaliza\u00e7\u00e3o do Guia de Partilha de Laborat\u00f3rios, um dos principais produtos da&hellip;","_links":{"self":[{"href":"https:\/\/direcaocientifica.uem.mz\/index.php?rest_route=\/wp\/v2\/posts\/1961","targetHints":{"allow":["GET"]}}],"collection":[{"href":"https:\/\/direcaocientifica.uem.mz\/index.php?rest_route=\/wp\/v2\/posts"}],"about":[{"href":"https:\/\/direcaocientifica.uem.mz\/index.php?rest_route=\/wp\/v2\/types\/post"}],"author":[{"embeddable":true,"href":"https:\/\/direcaocientifica.uem.mz\/index.php?rest_route=\/wp\/v2\/users\/6"}],"replies":[{"embeddable":true,"href":"https:\/\/direcaocientifica.uem.mz\/index.php?rest_route=%2Fwp%2Fv2%2Fcomments&post=1961"}],"version-history":[{"count":9,"href":"https:\/\/direcaocientifica.uem.mz\/index.php?rest_route=\/wp\/v2\/posts\/1961\/revisions"}],"predecessor-version":[{"id":1993,"href":"https:\/\/direcaocientifica.uem.mz\/index.php?rest_route=\/wp\/v2\/posts\/1961\/revisions\/1993"}],"wp:featuredmedia":[{"embeddable":true,"href":"https:\/\/direcaocientifica.uem.mz\/index.php?rest_route=\/wp\/v2\/media\/1970"}],"wp:attachment":[{"href":"https:\/\/direcaocientifica.uem.mz\/index.php?rest_route=%2Fwp%2Fv2%2Fmedia&parent=1961"}],"wp:term":[{"taxonomy":"category","embeddable":true,"href":"https:\/\/direcaocientifica.uem.mz\/index.php?rest_route=%2Fwp%2Fv2%2Fcategories&post=1961"},{"taxonomy":"post_tag","embeddable":true,"href":"https:\/\/direcaocientifica.uem.mz\/index.php?rest_route=%2Fwp%2Fv2%2Ftags&post=1961"}],"curies":[{"name":"wp","href":"https:\/\/api.w.org\/{rel}","templated":true}]}}