{"id":1761,"date":"2025-07-18T11:43:51","date_gmt":"2025-07-18T11:43:51","guid":{"rendered":"https:\/\/direcaocientifica.uem.mz\/?p=1761"},"modified":"2025-07-18T12:02:45","modified_gmt":"2025-07-18T12:02:45","slug":"direccao-cientifica-recebe-delegacao-da-universidade-agostinho-neto-de-angola-para-troca-de-experiencias-em-materia-de-gestao-da-investigacao","status":"publish","type":"post","link":"https:\/\/direcaocientifica.uem.mz\/?p=1761","title":{"rendered":"Direc\u00e7\u00e3o Cient\u00edfica recebe delega\u00e7\u00e3o da Universidade Agostinho Neto de Angola para troca de experi\u00eancias em mat\u00e9ria de gest\u00e3o da investiga\u00e7\u00e3o"},"content":{"rendered":"\t\t<div data-elementor-type=\"wp-post\" data-elementor-id=\"1761\" class=\"elementor elementor-1761\">\n\t\t\t\t<div class=\"elementor-element elementor-element-9d91c1b e-flex e-con-boxed e-con e-parent\" data-id=\"9d91c1b\" data-element_type=\"container\">\n\t\t\t\t\t<div class=\"e-con-inner\">\n\t\t\t\t<div class=\"elementor-element elementor-element-35f5622 elementor-widget elementor-widget-text-editor\" data-id=\"35f5622\" data-element_type=\"widget\" data-widget_type=\"text-editor.default\">\n\t\t\t\t<div class=\"elementor-widget-container\">\n\t\t\t\t\t\t\t\t\t<p>A Direc\u00e7\u00e3o Cient\u00edfica (DC) da Universidade Eduardo Mondlane (UEM) recebeu, na manh\u00e3 do dia 15 de Julho de 2025, uma delega\u00e7\u00e3o mista da Universidade Agostinho Neto de Angola (UAN), composta pela Dra. Bibiana Gomes, Directora para Investiga\u00e7\u00e3o Cient\u00edfica, Inova\u00e7\u00e3o, Empreendedorismo e P\u00f3s-Gradua\u00e7\u00e3o, pelo Doutor Carlos Condutor, Chefe do Departamento de Edi\u00e7\u00e3o e Divulga\u00e7\u00e3o Cient\u00edfica da Biblioteca Central, e pela Dra. Maria Bastos, t\u00e9cnica afecta \u00e0 Direc\u00e7\u00e3o dos Assuntos Acad\u00e9micos. A visita enquadrou-se nos esfor\u00e7os de estreitar rela\u00e7\u00f5es institucionais e fortalecer a coopera\u00e7\u00e3o da UAN com institui\u00e7\u00f5es cong\u00e9neres como \u00e9 o caso da UEM, com foco na troca de experi\u00eancias de gest\u00e3o cient\u00edfica, partilha de boas pr\u00e1ticas e identifica\u00e7\u00e3o de \u00e1reas estrat\u00e9gicas para futuras parcerias.<\/p>\t\t\t\t\t\t\t\t<\/div>\n\t\t\t\t<\/div>\n\t\t\t\t\t<\/div>\n\t\t\t\t<\/div>\n\t\t<div class=\"elementor-element elementor-element-287dbb3 e-flex e-con-boxed e-con e-parent\" data-id=\"287dbb3\" data-element_type=\"container\">\n\t\t\t\t\t<div class=\"e-con-inner\">\n\t\t\t\t<div class=\"elementor-element elementor-element-7d37fba elementor-widget elementor-widget-image\" data-id=\"7d37fba\" data-element_type=\"widget\" data-widget_type=\"image.default\">\n\t\t\t\t<div class=\"elementor-widget-container\">\n\t\t\t\t\t\t\t\t\t\t\t\t\t\t\t<img fetchpriority=\"high\" decoding=\"async\" width=\"1024\" height=\"768\" src=\"https:\/\/direcaocientifica.uem.mz\/wp-content\/uploads\/2025\/07\/WhatsApp-Image-2025-07-16-at-15.22.43_55777d1b-1024x768.jpg\" class=\"attachment-large size-large wp-image-1764\" alt=\"\" srcset=\"https:\/\/direcaocientifica.uem.mz\/wp-content\/uploads\/2025\/07\/WhatsApp-Image-2025-07-16-at-15.22.43_55777d1b-1024x768.jpg 1024w, https:\/\/direcaocientifica.uem.mz\/wp-content\/uploads\/2025\/07\/WhatsApp-Image-2025-07-16-at-15.22.43_55777d1b-300x225.jpg 300w, https:\/\/direcaocientifica.uem.mz\/wp-content\/uploads\/2025\/07\/WhatsApp-Image-2025-07-16-at-15.22.43_55777d1b-768x576.jpg 768w, https:\/\/direcaocientifica.uem.mz\/wp-content\/uploads\/2025\/07\/WhatsApp-Image-2025-07-16-at-15.22.43_55777d1b.jpg 1280w\" sizes=\"(max-width: 1024px) 100vw, 1024px\" \/>\t\t\t\t\t\t\t\t\t\t\t\t\t\t\t<\/div>\n\t\t\t\t<\/div>\n\t\t\t\t\t<\/div>\n\t\t\t\t<\/div>\n\t\t<div class=\"elementor-element elementor-element-9d30a3d e-flex e-con-boxed e-con e-parent\" data-id=\"9d30a3d\" data-element_type=\"container\">\n\t\t\t\t\t<div class=\"e-con-inner\">\n\t\t\t\t<div class=\"elementor-element elementor-element-6885562 elementor-widget elementor-widget-text-editor\" data-id=\"6885562\" data-element_type=\"widget\" data-widget_type=\"text-editor.default\">\n\t\t\t\t<div class=\"elementor-widget-container\">\n\t\t\t\t\t\t\t\t\t<p>Durante o encontro, o Director Cient\u00edfico da UEM, Prof. Doutor Em\u00edlio Tost\u00e3o, apresentou as principais linhas de ac\u00e7\u00e3o da DC, com destaque para o modelo de gest\u00e3o de investiga\u00e7\u00e3o, os mecanismos de mobiliza\u00e7\u00e3o de financiamento atrav\u00e9s da participa\u00e7\u00e3o em chamadas competitivas e o processo de reforma institucional em curso na UEM. A delega\u00e7\u00e3o da UAN demonstrou particular interesse nos instrumentos que sustentam a coordena\u00e7\u00e3o das actividades de investiga\u00e7\u00e3o e inova\u00e7\u00e3o na UEM, considerando-os relevantes para a consolida\u00e7\u00e3o de estruturas semelhantes em Angola.<\/p><p>A visita tem um forte significado no contexto da internacionaliza\u00e7\u00e3o da UEM, que v\u00ea na coopera\u00e7\u00e3o acad\u00e9mica com universidades africanas uma via eficaz para o refor\u00e7o das suas capacidades institucionais. A cria\u00e7\u00e3o de redes com universidades da regi\u00e3o, como a UAN, permite \u00e0 UEM ampliar a mobilidade estudantil e de investigadores, diversificar os grupos de investiga\u00e7\u00e3o com os quais se pretende cooperar no contexto de projectos colaborativos, e alinhar-se a padr\u00f5es internacionais de qualidade. A troca de experi\u00eancias entre institui\u00e7\u00f5es com desafios e contextos comuns revelou-se particularmente enriquecedora, ao evidenciar a import\u00e2ncia da gest\u00e3o cient\u00edfica coordenada, da valoriza\u00e7\u00e3o do papel das bibliotecas universit\u00e1rias na divulga\u00e7\u00e3o cient\u00edfica e da necessidade de sistemas integrados de apoio \u00e0 p\u00f3s-gradua\u00e7\u00e3o.<\/p><p>A UEM reafirma, assim, o seu compromisso com a constru\u00e7\u00e3o de uma comunidade acad\u00e9mica regional mais s\u00f3lida, inovadora e capaz de responder aos desafios do desenvolvimento atrav\u00e9s da ci\u00eancia, da forma\u00e7\u00e3o avan\u00e7ada e da produ\u00e7\u00e3o de conhecimento relevante.<\/p>\t\t\t\t\t\t\t\t<\/div>\n\t\t\t\t<\/div>\n\t\t\t\t\t<\/div>\n\t\t\t\t<\/div>\n\t\t<div class=\"elementor-element elementor-element-28f1669 e-flex e-con-boxed e-con e-parent\" data-id=\"28f1669\" data-element_type=\"container\">\n\t\t\t\t\t<div class=\"e-con-inner\">\n\t\t\t\t<div class=\"elementor-element elementor-element-8897096 elementor-widget elementor-widget-image\" data-id=\"8897096\" data-element_type=\"widget\" data-widget_type=\"image.default\">\n\t\t\t\t<div class=\"elementor-widget-container\">\n\t\t\t\t\t\t\t\t\t\t\t\t\t\t\t<img decoding=\"async\" width=\"1024\" height=\"768\" src=\"https:\/\/direcaocientifica.uem.mz\/wp-content\/uploads\/2025\/07\/WhatsApp-Image-2025-07-16-at-15.22.43_00f88114-1024x768.jpg\" class=\"attachment-large size-large wp-image-1762\" alt=\"\" srcset=\"https:\/\/direcaocientifica.uem.mz\/wp-content\/uploads\/2025\/07\/WhatsApp-Image-2025-07-16-at-15.22.43_00f88114-1024x768.jpg 1024w, https:\/\/direcaocientifica.uem.mz\/wp-content\/uploads\/2025\/07\/WhatsApp-Image-2025-07-16-at-15.22.43_00f88114-300x225.jpg 300w, https:\/\/direcaocientifica.uem.mz\/wp-content\/uploads\/2025\/07\/WhatsApp-Image-2025-07-16-at-15.22.43_00f88114-768x576.jpg 768w, https:\/\/direcaocientifica.uem.mz\/wp-content\/uploads\/2025\/07\/WhatsApp-Image-2025-07-16-at-15.22.43_00f88114.jpg 1280w\" sizes=\"(max-width: 1024px) 100vw, 1024px\" \/>\t\t\t\t\t\t\t\t\t\t\t\t\t\t\t<\/div>\n\t\t\t\t<\/div>\n\t\t\t\t\t<\/div>\n\t\t\t\t<\/div>\n\t\t\t\t<\/div>\n\t\t","protected":false},"excerpt":{"rendered":"<p>A Direc\u00e7\u00e3o Cient\u00edfica (DC) da Universidade Eduardo Mondlane (UEM) recebeu, na manh\u00e3 do dia 15 de Julho de 2025, uma delega\u00e7\u00e3o mista da Universidade Agostinho Neto de Angola (UAN), composta pela Dra. Bibiana Gomes, Directora para Investiga\u00e7\u00e3o Cient\u00edfica, Inova\u00e7\u00e3o, Empreendedorismo e P\u00f3s-Gradua\u00e7\u00e3o, pelo Doutor Carlos Condutor, Chefe do Departamento de Edi\u00e7\u00e3o e Divulga\u00e7\u00e3o Cient\u00edfica da [&hellip;]<\/p>\n","protected":false},"author":2,"featured_media":1762,"comment_status":"open","ping_status":"open","sticky":false,"template":"","format":"standard","meta":{"inline_featured_image":false,"site-sidebar-layout":"default","site-content-layout":"","ast-site-content-layout":"","site-content-style":"default","site-sidebar-style":"default","ast-global-header-display":"","ast-banner-title-visibility":"","ast-main-header-display":"","ast-hfb-above-header-display":"","ast-hfb-below-header-display":"","ast-hfb-mobile-header-display":"","site-post-title":"","ast-breadcrumbs-content":"","ast-featured-img":"disabled","footer-sml-layout":"","theme-transparent-header-meta":"","adv-header-id-meta":"","stick-header-meta":"","header-above-stick-meta":"","header-main-stick-meta":"","header-below-stick-meta":"","astra-migrate-meta-layouts":"default","ast-page-background-enabled":"default","ast-page-background-meta":{"desktop":{"background-color":"var(--ast-global-color-5)","background-image":"","background-repeat":"repeat","background-position":"center center","background-size":"auto","background-attachment":"scroll","background-type":"","background-media":"","overlay-type":"","overlay-color":"","overlay-opacity":"","overlay-gradient":""},"tablet":{"background-color":"","background-image":"","background-repeat":"repeat","background-position":"center center","background-size":"auto","background-attachment":"scroll","background-type":"","background-media":"","overlay-type":"","overlay-color":"","overlay-opacity":"","overlay-gradient":""},"mobile":{"background-color":"","background-image":"","background-repeat":"repeat","background-position":"center center","background-size":"auto","background-attachment":"scroll","background-type":"","background-media":"","overlay-type":"","overlay-color":"","overlay-opacity":"","overlay-gradient":""}},"ast-content-background-meta":{"desktop":{"background-color":"var(--ast-global-color-4)","background-image":"","background-repeat":"repeat","background-position":"center center","background-size":"auto","background-attachment":"scroll","background-type":"","background-media":"","overlay-type":"","overlay-color":"","overlay-opacity":"","overlay-gradient":""},"tablet":{"background-color":"var(--ast-global-color-4)","background-image":"","background-repeat":"repeat","background-position":"center center","background-size":"auto","background-attachment":"scroll","background-type":"","background-media":"","overlay-type":"","overlay-color":"","overlay-opacity":"","overlay-gradient":""},"mobile":{"background-color":"var(--ast-global-color-4)","background-image":"","background-repeat":"repeat","background-position":"center center","background-size":"auto","background-attachment":"scroll","background-type":"","background-media":"","overlay-type":"","overlay-color":"","overlay-opacity":"","overlay-gradient":""}},"footnotes":""},"categories":[3],"tags":[],"class_list":["post-1761","post","type-post","status-publish","format-standard","has-post-thumbnail","hentry","category-noticias"],"yoast_head":"<!-- This site is optimized with the Yoast SEO plugin v26.3 - https:\/\/yoast.com\/wordpress\/plugins\/seo\/ -->\n<title>Direc\u00e7\u00e3o Cient\u00edfica recebe delega\u00e7\u00e3o da Universidade Agostinho Neto de Angola para troca de experi\u00eancias em mat\u00e9ria de gest\u00e3o da investiga\u00e7\u00e3o<\/title>\n<meta name=\"description\" content=\"A Direc\u00e7\u00e3o Cient\u00edfica (DC) da Universidade Eduardo Mondlane (UEM) recebeu, na manh\u00e3 do dia 15 de Julho de 2025, uma delega\u00e7\u00e3o mista da Universidade\" \/>\n<meta name=\"robots\" content=\"index, follow, max-snippet:-1, max-image-preview:large, max-video-preview:-1\" \/>\n<link rel=\"canonical\" href=\"https:\/\/direcaocientifica.uem.mz\/?p=1761\" \/>\n<meta property=\"og:locale\" content=\"pt_PT\" \/>\n<meta property=\"og:type\" content=\"article\" \/>\n<meta property=\"og:title\" content=\"Direc\u00e7\u00e3o Cient\u00edfica recebe delega\u00e7\u00e3o da Universidade Agostinho Neto de Angola para troca de experi\u00eancias em mat\u00e9ria de gest\u00e3o da investiga\u00e7\u00e3o\" \/>\n<meta property=\"og:description\" content=\"A Direc\u00e7\u00e3o Cient\u00edfica (DC) da Universidade Eduardo Mondlane (UEM) recebeu, na manh\u00e3 do dia 15 de Julho de 2025, uma delega\u00e7\u00e3o mista da Universidade\" \/>\n<meta property=\"og:url\" content=\"https:\/\/direcaocientifica.uem.mz\/?p=1761\" \/>\n<meta property=\"og:site_name\" content=\"Direc\u00e7\u00e3o Cientifica\" \/>\n<meta property=\"article:published_time\" content=\"2025-07-18T11:43:51+00:00\" \/>\n<meta property=\"article:modified_time\" content=\"2025-07-18T12:02:45+00:00\" \/>\n<meta property=\"og:image\" content=\"https:\/\/direcaocientifica.uem.mz\/wp-content\/uploads\/2025\/07\/WhatsApp-Image-2025-07-16-at-15.22.43_00f88114.jpg\" \/>\n\t<meta property=\"og:image:width\" content=\"1280\" \/>\n\t<meta property=\"og:image:height\" content=\"960\" \/>\n\t<meta property=\"og:image:type\" content=\"image\/jpeg\" \/>\n<meta name=\"author\" content=\"Alberto Martins\" \/>\n<meta name=\"twitter:card\" content=\"summary_large_image\" \/>\n<meta name=\"twitter:label1\" content=\"Escrito por\" \/>\n\t<meta name=\"twitter:data1\" content=\"Alberto Martins\" \/>\n\t<meta name=\"twitter:label2\" content=\"Tempo estimado de leitura\" \/>\n\t<meta name=\"twitter:data2\" content=\"2 minutos\" \/>\n<script type=\"application\/ld+json\" class=\"yoast-schema-graph\">{\"@context\":\"https:\/\/schema.org\",\"@graph\":[{\"@type\":\"WebPage\",\"@id\":\"https:\/\/direcaocientifica.uem.mz\/?p=1761\",\"url\":\"https:\/\/direcaocientifica.uem.mz\/?p=1761\",\"name\":\"Direc\u00e7\u00e3o Cient\u00edfica recebe delega\u00e7\u00e3o da Universidade Agostinho Neto de Angola para troca de experi\u00eancias em mat\u00e9ria de gest\u00e3o da investiga\u00e7\u00e3o\",\"isPartOf\":{\"@id\":\"https:\/\/direcaocientifica.uem.mz\/#website\"},\"primaryImageOfPage\":{\"@id\":\"https:\/\/direcaocientifica.uem.mz\/?p=1761#primaryimage\"},\"image\":{\"@id\":\"https:\/\/direcaocientifica.uem.mz\/?p=1761#primaryimage\"},\"thumbnailUrl\":\"https:\/\/direcaocientifica.uem.mz\/wp-content\/uploads\/2025\/07\/WhatsApp-Image-2025-07-16-at-15.22.43_00f88114.jpg\",\"datePublished\":\"2025-07-18T11:43:51+00:00\",\"dateModified\":\"2025-07-18T12:02:45+00:00\",\"author\":{\"@id\":\"https:\/\/direcaocientifica.uem.mz\/#\/schema\/person\/af8c7574f60ead6d9fe7937ec2788a60\"},\"description\":\"A Direc\u00e7\u00e3o Cient\u00edfica (DC) da Universidade Eduardo Mondlane (UEM) recebeu, na manh\u00e3 do dia 15 de Julho de 2025, uma delega\u00e7\u00e3o mista da Universidade\",\"breadcrumb\":{\"@id\":\"https:\/\/direcaocientifica.uem.mz\/?p=1761#breadcrumb\"},\"inLanguage\":\"pt-PT\",\"potentialAction\":[{\"@type\":\"ReadAction\",\"target\":[\"https:\/\/direcaocientifica.uem.mz\/?p=1761\"]}]},{\"@type\":\"ImageObject\",\"inLanguage\":\"pt-PT\",\"@id\":\"https:\/\/direcaocientifica.uem.mz\/?p=1761#primaryimage\",\"url\":\"https:\/\/direcaocientifica.uem.mz\/wp-content\/uploads\/2025\/07\/WhatsApp-Image-2025-07-16-at-15.22.43_00f88114.jpg\",\"contentUrl\":\"https:\/\/direcaocientifica.uem.mz\/wp-content\/uploads\/2025\/07\/WhatsApp-Image-2025-07-16-at-15.22.43_00f88114.jpg\",\"width\":1280,\"height\":960},{\"@type\":\"BreadcrumbList\",\"@id\":\"https:\/\/direcaocientifica.uem.mz\/?p=1761#breadcrumb\",\"itemListElement\":[{\"@type\":\"ListItem\",\"position\":1,\"name\":\"Home\",\"item\":\"https:\/\/direcaocientifica.uem.mz\/\"},{\"@type\":\"ListItem\",\"position\":2,\"name\":\"Direc\u00e7\u00e3o Cient\u00edfica recebe delega\u00e7\u00e3o da Universidade Agostinho Neto de Angola para troca de experi\u00eancias em mat\u00e9ria de gest\u00e3o da investiga\u00e7\u00e3o\"}]},{\"@type\":\"WebSite\",\"@id\":\"https:\/\/direcaocientifica.uem.mz\/#website\",\"url\":\"https:\/\/direcaocientifica.uem.mz\/\",\"name\":\"Direc\u00e7\u00e3o Cientifica\",\"description\":\"\",\"alternateName\":\"DC\",\"potentialAction\":[{\"@type\":\"SearchAction\",\"target\":{\"@type\":\"EntryPoint\",\"urlTemplate\":\"https:\/\/direcaocientifica.uem.mz\/?s={search_term_string}\"},\"query-input\":{\"@type\":\"PropertyValueSpecification\",\"valueRequired\":true,\"valueName\":\"search_term_string\"}}],\"inLanguage\":\"pt-PT\"},{\"@type\":\"Person\",\"@id\":\"https:\/\/direcaocientifica.uem.mz\/#\/schema\/person\/af8c7574f60ead6d9fe7937ec2788a60\",\"name\":\"Alberto Martins\",\"image\":{\"@type\":\"ImageObject\",\"inLanguage\":\"pt-PT\",\"@id\":\"https:\/\/direcaocientifica.uem.mz\/#\/schema\/person\/image\/\",\"url\":\"https:\/\/secure.gravatar.com\/avatar\/6fa414eb04b4fd5d6f2141f25116f84155e13280b8f79a61e09d7c0fcc6c5c18?s=96&d=mm&r=g\",\"contentUrl\":\"https:\/\/secure.gravatar.com\/avatar\/6fa414eb04b4fd5d6f2141f25116f84155e13280b8f79a61e09d7c0fcc6c5c18?s=96&d=mm&r=g\",\"caption\":\"Alberto Martins\"}}]}<\/script>\n<!-- \/ Yoast SEO plugin. -->","yoast_head_json":{"title":"Direc\u00e7\u00e3o Cient\u00edfica recebe delega\u00e7\u00e3o da Universidade Agostinho Neto de Angola para troca de experi\u00eancias em mat\u00e9ria de gest\u00e3o da investiga\u00e7\u00e3o","description":"A Direc\u00e7\u00e3o Cient\u00edfica (DC) da Universidade Eduardo Mondlane (UEM) recebeu, na manh\u00e3 do dia 15 de Julho de 2025, uma delega\u00e7\u00e3o mista da Universidade","robots":{"index":"index","follow":"follow","max-snippet":"max-snippet:-1","max-image-preview":"max-image-preview:large","max-video-preview":"max-video-preview:-1"},"canonical":"https:\/\/direcaocientifica.uem.mz\/?p=1761","og_locale":"pt_PT","og_type":"article","og_title":"Direc\u00e7\u00e3o Cient\u00edfica recebe delega\u00e7\u00e3o da Universidade Agostinho Neto de Angola para troca de experi\u00eancias em mat\u00e9ria de gest\u00e3o da investiga\u00e7\u00e3o","og_description":"A Direc\u00e7\u00e3o Cient\u00edfica (DC) da Universidade Eduardo Mondlane (UEM) recebeu, na manh\u00e3 do dia 15 de Julho de 2025, uma delega\u00e7\u00e3o mista da Universidade","og_url":"https:\/\/direcaocientifica.uem.mz\/?p=1761","og_site_name":"Direc\u00e7\u00e3o Cientifica","article_published_time":"2025-07-18T11:43:51+00:00","article_modified_time":"2025-07-18T12:02:45+00:00","og_image":[{"width":1280,"height":960,"url":"https:\/\/direcaocientifica.uem.mz\/wp-content\/uploads\/2025\/07\/WhatsApp-Image-2025-07-16-at-15.22.43_00f88114.jpg","type":"image\/jpeg"}],"author":"Alberto Martins","twitter_card":"summary_large_image","twitter_misc":{"Escrito por":"Alberto Martins","Tempo estimado de leitura":"2 minutos"},"schema":{"@context":"https:\/\/schema.org","@graph":[{"@type":"WebPage","@id":"https:\/\/direcaocientifica.uem.mz\/?p=1761","url":"https:\/\/direcaocientifica.uem.mz\/?p=1761","name":"Direc\u00e7\u00e3o Cient\u00edfica recebe delega\u00e7\u00e3o da Universidade Agostinho Neto de Angola para troca de experi\u00eancias em mat\u00e9ria de gest\u00e3o da investiga\u00e7\u00e3o","isPartOf":{"@id":"https:\/\/direcaocientifica.uem.mz\/#website"},"primaryImageOfPage":{"@id":"https:\/\/direcaocientifica.uem.mz\/?p=1761#primaryimage"},"image":{"@id":"https:\/\/direcaocientifica.uem.mz\/?p=1761#primaryimage"},"thumbnailUrl":"https:\/\/direcaocientifica.uem.mz\/wp-content\/uploads\/2025\/07\/WhatsApp-Image-2025-07-16-at-15.22.43_00f88114.jpg","datePublished":"2025-07-18T11:43:51+00:00","dateModified":"2025-07-18T12:02:45+00:00","author":{"@id":"https:\/\/direcaocientifica.uem.mz\/#\/schema\/person\/af8c7574f60ead6d9fe7937ec2788a60"},"description":"A Direc\u00e7\u00e3o Cient\u00edfica (DC) da Universidade Eduardo Mondlane (UEM) recebeu, na manh\u00e3 do dia 15 de Julho de 2025, uma delega\u00e7\u00e3o mista da Universidade","breadcrumb":{"@id":"https:\/\/direcaocientifica.uem.mz\/?p=1761#breadcrumb"},"inLanguage":"pt-PT","potentialAction":[{"@type":"ReadAction","target":["https:\/\/direcaocientifica.uem.mz\/?p=1761"]}]},{"@type":"ImageObject","inLanguage":"pt-PT","@id":"https:\/\/direcaocientifica.uem.mz\/?p=1761#primaryimage","url":"https:\/\/direcaocientifica.uem.mz\/wp-content\/uploads\/2025\/07\/WhatsApp-Image-2025-07-16-at-15.22.43_00f88114.jpg","contentUrl":"https:\/\/direcaocientifica.uem.mz\/wp-content\/uploads\/2025\/07\/WhatsApp-Image-2025-07-16-at-15.22.43_00f88114.jpg","width":1280,"height":960},{"@type":"BreadcrumbList","@id":"https:\/\/direcaocientifica.uem.mz\/?p=1761#breadcrumb","itemListElement":[{"@type":"ListItem","position":1,"name":"Home","item":"https:\/\/direcaocientifica.uem.mz\/"},{"@type":"ListItem","position":2,"name":"Direc\u00e7\u00e3o Cient\u00edfica recebe delega\u00e7\u00e3o da Universidade Agostinho Neto de Angola para troca de experi\u00eancias em mat\u00e9ria de gest\u00e3o da investiga\u00e7\u00e3o"}]},{"@type":"WebSite","@id":"https:\/\/direcaocientifica.uem.mz\/#website","url":"https:\/\/direcaocientifica.uem.mz\/","name":"Direc\u00e7\u00e3o Cientifica","description":"","alternateName":"DC","potentialAction":[{"@type":"SearchAction","target":{"@type":"EntryPoint","urlTemplate":"https:\/\/direcaocientifica.uem.mz\/?s={search_term_string}"},"query-input":{"@type":"PropertyValueSpecification","valueRequired":true,"valueName":"search_term_string"}}],"inLanguage":"pt-PT"},{"@type":"Person","@id":"https:\/\/direcaocientifica.uem.mz\/#\/schema\/person\/af8c7574f60ead6d9fe7937ec2788a60","name":"Alberto Martins","image":{"@type":"ImageObject","inLanguage":"pt-PT","@id":"https:\/\/direcaocientifica.uem.mz\/#\/schema\/person\/image\/","url":"https:\/\/secure.gravatar.com\/avatar\/6fa414eb04b4fd5d6f2141f25116f84155e13280b8f79a61e09d7c0fcc6c5c18?s=96&d=mm&r=g","contentUrl":"https:\/\/secure.gravatar.com\/avatar\/6fa414eb04b4fd5d6f2141f25116f84155e13280b8f79a61e09d7c0fcc6c5c18?s=96&d=mm&r=g","caption":"Alberto Martins"}}]}},"rttpg_featured_image_url":{"full":["https:\/\/direcaocientifica.uem.mz\/wp-content\/uploads\/2025\/07\/WhatsApp-Image-2025-07-16-at-15.22.43_00f88114.jpg",1280,960,false],"landscape":["https:\/\/direcaocientifica.uem.mz\/wp-content\/uploads\/2025\/07\/WhatsApp-Image-2025-07-16-at-15.22.43_00f88114.jpg",1280,960,false],"portraits":["https:\/\/direcaocientifica.uem.mz\/wp-content\/uploads\/2025\/07\/WhatsApp-Image-2025-07-16-at-15.22.43_00f88114.jpg",1280,960,false],"thumbnail":["https:\/\/direcaocientifica.uem.mz\/wp-content\/uploads\/2025\/07\/WhatsApp-Image-2025-07-16-at-15.22.43_00f88114-150x150.jpg",150,150,true],"medium":["https:\/\/direcaocientifica.uem.mz\/wp-content\/uploads\/2025\/07\/WhatsApp-Image-2025-07-16-at-15.22.43_00f88114-300x225.jpg",300,225,true],"large":["https:\/\/direcaocientifica.uem.mz\/wp-content\/uploads\/2025\/07\/WhatsApp-Image-2025-07-16-at-15.22.43_00f88114-1024x768.jpg",1024,768,true],"1536x1536":["https:\/\/direcaocientifica.uem.mz\/wp-content\/uploads\/2025\/07\/WhatsApp-Image-2025-07-16-at-15.22.43_00f88114.jpg",1280,960,false],"2048x2048":["https:\/\/direcaocientifica.uem.mz\/wp-content\/uploads\/2025\/07\/WhatsApp-Image-2025-07-16-at-15.22.43_00f88114.jpg",1280,960,false]},"rttpg_author":{"display_name":"Alberto Martins","author_link":"https:\/\/direcaocientifica.uem.mz\/?author=2"},"rttpg_comment":0,"rttpg_category":"<a href=\"https:\/\/direcaocientifica.uem.mz\/?cat=3\" rel=\"category\">Noticias<\/a>","rttpg_excerpt":"A Direc\u00e7\u00e3o Cient\u00edfica (DC) da Universidade Eduardo Mondlane (UEM) recebeu, na manh\u00e3 do dia 15 de Julho de 2025, uma delega\u00e7\u00e3o mista da Universidade Agostinho Neto de Angola (UAN), composta pela Dra. Bibiana Gomes, Directora para Investiga\u00e7\u00e3o Cient\u00edfica, Inova\u00e7\u00e3o, Empreendedorismo e P\u00f3s-Gradua\u00e7\u00e3o, pelo Doutor Carlos Condutor, Chefe do Departamento de Edi\u00e7\u00e3o e Divulga\u00e7\u00e3o Cient\u00edfica da&hellip;","_links":{"self":[{"href":"https:\/\/direcaocientifica.uem.mz\/index.php?rest_route=\/wp\/v2\/posts\/1761","targetHints":{"allow":["GET"]}}],"collection":[{"href":"https:\/\/direcaocientifica.uem.mz\/index.php?rest_route=\/wp\/v2\/posts"}],"about":[{"href":"https:\/\/direcaocientifica.uem.mz\/index.php?rest_route=\/wp\/v2\/types\/post"}],"author":[{"embeddable":true,"href":"https:\/\/direcaocientifica.uem.mz\/index.php?rest_route=\/wp\/v2\/users\/2"}],"replies":[{"embeddable":true,"href":"https:\/\/direcaocientifica.uem.mz\/index.php?rest_route=%2Fwp%2Fv2%2Fcomments&post=1761"}],"version-history":[{"count":10,"href":"https:\/\/direcaocientifica.uem.mz\/index.php?rest_route=\/wp\/v2\/posts\/1761\/revisions"}],"predecessor-version":[{"id":1776,"href":"https:\/\/direcaocientifica.uem.mz\/index.php?rest_route=\/wp\/v2\/posts\/1761\/revisions\/1776"}],"wp:featuredmedia":[{"embeddable":true,"href":"https:\/\/direcaocientifica.uem.mz\/index.php?rest_route=\/wp\/v2\/media\/1762"}],"wp:attachment":[{"href":"https:\/\/direcaocientifica.uem.mz\/index.php?rest_route=%2Fwp%2Fv2%2Fmedia&parent=1761"}],"wp:term":[{"taxonomy":"category","embeddable":true,"href":"https:\/\/direcaocientifica.uem.mz\/index.php?rest_route=%2Fwp%2Fv2%2Fcategories&post=1761"},{"taxonomy":"post_tag","embeddable":true,"href":"https:\/\/direcaocientifica.uem.mz\/index.php?rest_route=%2Fwp%2Fv2%2Ftags&post=1761"}],"curies":[{"name":"wp","href":"https:\/\/api.w.org\/{rel}","templated":true}]}}