{"id":1465,"date":"2025-06-09T08:13:26","date_gmt":"2025-06-09T08:13:26","guid":{"rendered":"https:\/\/dc.ghost.uem.mz\/?p=1465"},"modified":"2025-06-09T08:13:26","modified_gmt":"2025-06-09T08:13:26","slug":"outorga-do-titulo-honorifico-de-doutor-honoris-causa-a-sua-excelencia-o-presidente-da-republica-popular-de-mocambique-samora-moises-machel","status":"publish","type":"post","link":"https:\/\/direcaocientifica.uem.mz\/?p=1465","title":{"rendered":"Outorga do T\u00edtulo Honor\u00edfico de Doutor Honoris Causa \u00c0 Sua Excel\u00eancia o Presidente da Rep\u00fablica Popular de Mo\u00e7ambique Samora Mois\u00e9s Machel"},"content":{"rendered":"<p>Data: 20 de Junho de 2025<\/p>\n<p>&nbsp;<\/p>\n<p><strong>A Universidade Eduardo Mondlane (UEM) realiza, na pr\u00f3xima sexta-feira, no Centro Cultural Universit\u00e1rio, a cerim\u00f3nia da outorga, a t\u00edtulo p\u00f3stumo do t\u00edtulo honor\u00edfico de Doutor Honoris Causa ao Presidente da Rep\u00fablica Popular de Mo\u00e7ambique, Samora Machel.<\/strong><\/p>\n<p>A UEM refere que Samora Machel acreditava na educa\u00e7\u00e3o transformadora, numa governa\u00e7\u00e3o moral e participativa e uma cidadania que come\u00e7a com a verdade.<\/p>\n<p>A maior e mais antiga universidade do pa\u00eds diz homenagear aquele que fez da educa\u00e7\u00e3o a sua arma e da liberdade a sua miss\u00e3o.<\/p>\n<p>Samora Machel nasceu em Chilembene, distrito de Ch\u00f3kw\u00e8, prov\u00edncia de Gaza, a 29 de Setembro de 1933 e perdeu a vida no dia 19 de Outubro, v\u00edtima de acidente a\u00e9reo na sequ\u00eancia do despenhamento do avi\u00e3o que o transportava de regresso a Maputo, ido da cidade de Ndoola, Z\u00e2mbia, em mais uma miss\u00e3o de paz.<\/p>\n<p>Samora Machel foi quem proclamou a independ\u00eancia nacional, no dia 25 de Junho de 1975, no Est\u00e1dio da Machava.<\/p>\n<p>Local: Centro Cultural Universit\u00e1rio da UEM<\/p>\n<p>Hora: 10:30<\/p>\n","protected":false},"excerpt":{"rendered":"<p>Data: 20 de Junho de 2025 &nbsp; A Universidade Eduardo Mondlane (UEM) realiza, na pr\u00f3xima sexta-feira, no Centro Cultural Universit\u00e1rio, a cerim\u00f3nia da outorga, a t\u00edtulo p\u00f3stumo do t\u00edtulo honor\u00edfico de Doutor Honoris Causa ao Presidente da Rep\u00fablica Popular de Mo\u00e7ambique, Samora Machel. A UEM refere que Samora Machel acreditava na educa\u00e7\u00e3o transformadora, numa governa\u00e7\u00e3o [&hellip;]<\/p>\n","protected":false},"author":2,"featured_media":1466,"comment_status":"open","ping_status":"open","sticky":false,"template":"","format":"standard","meta":{"inline_featured_image":false,"site-sidebar-layout":"default","site-content-layout":"","ast-site-content-layout":"default","site-content-style":"default","site-sidebar-style":"default","ast-global-header-display":"","ast-banner-title-visibility":"","ast-main-header-display":"","ast-hfb-above-header-display":"","ast-hfb-below-header-display":"","ast-hfb-mobile-header-display":"","site-post-title":"","ast-breadcrumbs-content":"","ast-featured-img":"","footer-sml-layout":"","theme-transparent-header-meta":"default","adv-header-id-meta":"","stick-header-meta":"","header-above-stick-meta":"","header-main-stick-meta":"","header-below-stick-meta":"","astra-migrate-meta-layouts":"set","ast-page-background-enabled":"default","ast-page-background-meta":{"desktop":{"background-color":"var(--ast-global-color-5)","background-image":"","background-repeat":"repeat","background-position":"center center","background-size":"auto","background-attachment":"scroll","background-type":"","background-media":"","overlay-type":"","overlay-color":"","overlay-opacity":"","overlay-gradient":""},"tablet":{"background-color":"","background-image":"","background-repeat":"repeat","background-position":"center center","background-size":"auto","background-attachment":"scroll","background-type":"","background-media":"","overlay-type":"","overlay-color":"","overlay-opacity":"","overlay-gradient":""},"mobile":{"background-color":"","background-image":"","background-repeat":"repeat","background-position":"center center","background-size":"auto","background-attachment":"scroll","background-type":"","background-media":"","overlay-type":"","overlay-color":"","overlay-opacity":"","overlay-gradient":""}},"ast-content-background-meta":{"desktop":{"background-color":"var(--ast-global-color-4)","background-image":"","background-repeat":"repeat","background-position":"center center","background-size":"auto","background-attachment":"scroll","background-type":"","background-media":"","overlay-type":"","overlay-color":"","overlay-opacity":"","overlay-gradient":""},"tablet":{"background-color":"var(--ast-global-color-4)","background-image":"","background-repeat":"repeat","background-position":"center center","background-size":"auto","background-attachment":"scroll","background-type":"","background-media":"","overlay-type":"","overlay-color":"","overlay-opacity":"","overlay-gradient":""},"mobile":{"background-color":"var(--ast-global-color-4)","background-image":"","background-repeat":"repeat","background-position":"center center","background-size":"auto","background-attachment":"scroll","background-type":"","background-media":"","overlay-type":"","overlay-color":"","overlay-opacity":"","overlay-gradient":""}},"footnotes":""},"categories":[2],"tags":[],"class_list":["post-1465","post","type-post","status-publish","format-standard","has-post-thumbnail","hentry","category-eventos"],"yoast_head":"<!-- This site is optimized with the Yoast SEO plugin v26.3 - https:\/\/yoast.com\/wordpress\/plugins\/seo\/ -->\n<title>Outorga do T\u00edtulo Honor\u00edfico de Doutor Honoris Causa \u00c0 Sua Excel\u00eancia o Presidente da Rep\u00fablica Popular de Mo\u00e7ambique Samora Mois\u00e9s Machel<\/title>\n<meta name=\"description\" content=\"Data: 20 de Junho de 2025 &nbsp; A Universidade Eduardo Mondlane (UEM) realiza, na pr\u00f3xima sexta-feira, no Centro Cultural Universit\u00e1rio, a cerim\u00f3nia da\" \/>\n<meta name=\"robots\" content=\"index, follow, max-snippet:-1, max-image-preview:large, max-video-preview:-1\" \/>\n<link rel=\"canonical\" href=\"https:\/\/direcaocientifica.uem.mz\/?p=1465\" \/>\n<meta property=\"og:locale\" content=\"pt_PT\" \/>\n<meta property=\"og:type\" content=\"article\" \/>\n<meta property=\"og:title\" content=\"Outorga do T\u00edtulo Honor\u00edfico de Doutor Honoris Causa \u00c0 Sua Excel\u00eancia o Presidente da Rep\u00fablica Popular de Mo\u00e7ambique Samora Mois\u00e9s Machel\" \/>\n<meta property=\"og:description\" content=\"Data: 20 de Junho de 2025 &nbsp; A Universidade Eduardo Mondlane (UEM) realiza, na pr\u00f3xima sexta-feira, no Centro Cultural Universit\u00e1rio, a cerim\u00f3nia da\" \/>\n<meta property=\"og:url\" content=\"https:\/\/direcaocientifica.uem.mz\/?p=1465\" \/>\n<meta property=\"og:site_name\" content=\"Direc\u00e7\u00e3o Cientifica\" \/>\n<meta property=\"article:published_time\" content=\"2025-06-09T08:13:26+00:00\" \/>\n<meta property=\"og:image\" content=\"https:\/\/direcaocientifica.uem.mz\/wp-content\/uploads\/2025\/06\/WhatsApp-Image-2025-06-18-at-07.43.59_f7f276e5.jpg\" \/>\n\t<meta property=\"og:image:width\" content=\"1600\" \/>\n\t<meta property=\"og:image:height\" content=\"799\" \/>\n\t<meta property=\"og:image:type\" content=\"image\/jpeg\" \/>\n<meta name=\"author\" content=\"Alberto Martins\" \/>\n<meta name=\"twitter:card\" content=\"summary_large_image\" \/>\n<meta name=\"twitter:label1\" content=\"Escrito por\" \/>\n\t<meta name=\"twitter:data1\" content=\"Alberto Martins\" \/>\n\t<meta name=\"twitter:label2\" content=\"Tempo estimado de leitura\" \/>\n\t<meta name=\"twitter:data2\" content=\"1 minuto\" \/>\n<script type=\"application\/ld+json\" class=\"yoast-schema-graph\">{\"@context\":\"https:\/\/schema.org\",\"@graph\":[{\"@type\":\"WebPage\",\"@id\":\"https:\/\/direcaocientifica.uem.mz\/?p=1465\",\"url\":\"https:\/\/direcaocientifica.uem.mz\/?p=1465\",\"name\":\"Outorga do T\u00edtulo Honor\u00edfico de Doutor Honoris Causa \u00c0 Sua Excel\u00eancia o Presidente da Rep\u00fablica Popular de Mo\u00e7ambique Samora Mois\u00e9s Machel\",\"isPartOf\":{\"@id\":\"https:\/\/direcaocientifica.uem.mz\/#website\"},\"primaryImageOfPage\":{\"@id\":\"https:\/\/direcaocientifica.uem.mz\/?p=1465#primaryimage\"},\"image\":{\"@id\":\"https:\/\/direcaocientifica.uem.mz\/?p=1465#primaryimage\"},\"thumbnailUrl\":\"https:\/\/direcaocientifica.uem.mz\/wp-content\/uploads\/2025\/06\/WhatsApp-Image-2025-06-18-at-07.43.59_f7f276e5.jpg\",\"datePublished\":\"2025-06-09T08:13:26+00:00\",\"author\":{\"@id\":\"https:\/\/direcaocientifica.uem.mz\/#\/schema\/person\/af8c7574f60ead6d9fe7937ec2788a60\"},\"description\":\"Data: 20 de Junho de 2025 &nbsp; A Universidade Eduardo Mondlane (UEM) realiza, na pr\u00f3xima sexta-feira, no Centro Cultural Universit\u00e1rio, a cerim\u00f3nia da\",\"breadcrumb\":{\"@id\":\"https:\/\/direcaocientifica.uem.mz\/?p=1465#breadcrumb\"},\"inLanguage\":\"pt-PT\",\"potentialAction\":[{\"@type\":\"ReadAction\",\"target\":[\"https:\/\/direcaocientifica.uem.mz\/?p=1465\"]}]},{\"@type\":\"ImageObject\",\"inLanguage\":\"pt-PT\",\"@id\":\"https:\/\/direcaocientifica.uem.mz\/?p=1465#primaryimage\",\"url\":\"https:\/\/direcaocientifica.uem.mz\/wp-content\/uploads\/2025\/06\/WhatsApp-Image-2025-06-18-at-07.43.59_f7f276e5.jpg\",\"contentUrl\":\"https:\/\/direcaocientifica.uem.mz\/wp-content\/uploads\/2025\/06\/WhatsApp-Image-2025-06-18-at-07.43.59_f7f276e5.jpg\",\"width\":1600,\"height\":799},{\"@type\":\"BreadcrumbList\",\"@id\":\"https:\/\/direcaocientifica.uem.mz\/?p=1465#breadcrumb\",\"itemListElement\":[{\"@type\":\"ListItem\",\"position\":1,\"name\":\"Home\",\"item\":\"https:\/\/direcaocientifica.uem.mz\/\"},{\"@type\":\"ListItem\",\"position\":2,\"name\":\"Outorga do T\u00edtulo Honor\u00edfico de Doutor Honoris Causa \u00c0 Sua Excel\u00eancia o Presidente da Rep\u00fablica Popular de Mo\u00e7ambique Samora Mois\u00e9s Machel\"}]},{\"@type\":\"WebSite\",\"@id\":\"https:\/\/direcaocientifica.uem.mz\/#website\",\"url\":\"https:\/\/direcaocientifica.uem.mz\/\",\"name\":\"Direc\u00e7\u00e3o Cientifica\",\"description\":\"\",\"alternateName\":\"DC\",\"potentialAction\":[{\"@type\":\"SearchAction\",\"target\":{\"@type\":\"EntryPoint\",\"urlTemplate\":\"https:\/\/direcaocientifica.uem.mz\/?s={search_term_string}\"},\"query-input\":{\"@type\":\"PropertyValueSpecification\",\"valueRequired\":true,\"valueName\":\"search_term_string\"}}],\"inLanguage\":\"pt-PT\"},{\"@type\":\"Person\",\"@id\":\"https:\/\/direcaocientifica.uem.mz\/#\/schema\/person\/af8c7574f60ead6d9fe7937ec2788a60\",\"name\":\"Alberto Martins\",\"image\":{\"@type\":\"ImageObject\",\"inLanguage\":\"pt-PT\",\"@id\":\"https:\/\/direcaocientifica.uem.mz\/#\/schema\/person\/image\/\",\"url\":\"https:\/\/secure.gravatar.com\/avatar\/6fa414eb04b4fd5d6f2141f25116f84155e13280b8f79a61e09d7c0fcc6c5c18?s=96&d=mm&r=g\",\"contentUrl\":\"https:\/\/secure.gravatar.com\/avatar\/6fa414eb04b4fd5d6f2141f25116f84155e13280b8f79a61e09d7c0fcc6c5c18?s=96&d=mm&r=g\",\"caption\":\"Alberto Martins\"}}]}<\/script>\n<!-- \/ Yoast SEO plugin. -->","yoast_head_json":{"title":"Outorga do T\u00edtulo Honor\u00edfico de Doutor Honoris Causa \u00c0 Sua Excel\u00eancia o Presidente da Rep\u00fablica Popular de Mo\u00e7ambique Samora Mois\u00e9s Machel","description":"Data: 20 de Junho de 2025 &nbsp; A Universidade Eduardo Mondlane (UEM) realiza, na pr\u00f3xima sexta-feira, no Centro Cultural Universit\u00e1rio, a cerim\u00f3nia da","robots":{"index":"index","follow":"follow","max-snippet":"max-snippet:-1","max-image-preview":"max-image-preview:large","max-video-preview":"max-video-preview:-1"},"canonical":"https:\/\/direcaocientifica.uem.mz\/?p=1465","og_locale":"pt_PT","og_type":"article","og_title":"Outorga do T\u00edtulo Honor\u00edfico de Doutor Honoris Causa \u00c0 Sua Excel\u00eancia o Presidente da Rep\u00fablica Popular de Mo\u00e7ambique Samora Mois\u00e9s Machel","og_description":"Data: 20 de Junho de 2025 &nbsp; A Universidade Eduardo Mondlane (UEM) realiza, na pr\u00f3xima sexta-feira, no Centro Cultural Universit\u00e1rio, a cerim\u00f3nia da","og_url":"https:\/\/direcaocientifica.uem.mz\/?p=1465","og_site_name":"Direc\u00e7\u00e3o Cientifica","article_published_time":"2025-06-09T08:13:26+00:00","og_image":[{"width":1600,"height":799,"url":"https:\/\/direcaocientifica.uem.mz\/wp-content\/uploads\/2025\/06\/WhatsApp-Image-2025-06-18-at-07.43.59_f7f276e5.jpg","type":"image\/jpeg"}],"author":"Alberto Martins","twitter_card":"summary_large_image","twitter_misc":{"Escrito por":"Alberto Martins","Tempo estimado de leitura":"1 minuto"},"schema":{"@context":"https:\/\/schema.org","@graph":[{"@type":"WebPage","@id":"https:\/\/direcaocientifica.uem.mz\/?p=1465","url":"https:\/\/direcaocientifica.uem.mz\/?p=1465","name":"Outorga do T\u00edtulo Honor\u00edfico de Doutor Honoris Causa \u00c0 Sua Excel\u00eancia o Presidente da Rep\u00fablica Popular de Mo\u00e7ambique Samora Mois\u00e9s Machel","isPartOf":{"@id":"https:\/\/direcaocientifica.uem.mz\/#website"},"primaryImageOfPage":{"@id":"https:\/\/direcaocientifica.uem.mz\/?p=1465#primaryimage"},"image":{"@id":"https:\/\/direcaocientifica.uem.mz\/?p=1465#primaryimage"},"thumbnailUrl":"https:\/\/direcaocientifica.uem.mz\/wp-content\/uploads\/2025\/06\/WhatsApp-Image-2025-06-18-at-07.43.59_f7f276e5.jpg","datePublished":"2025-06-09T08:13:26+00:00","author":{"@id":"https:\/\/direcaocientifica.uem.mz\/#\/schema\/person\/af8c7574f60ead6d9fe7937ec2788a60"},"description":"Data: 20 de Junho de 2025 &nbsp; A Universidade Eduardo Mondlane (UEM) realiza, na pr\u00f3xima sexta-feira, no Centro Cultural Universit\u00e1rio, a cerim\u00f3nia da","breadcrumb":{"@id":"https:\/\/direcaocientifica.uem.mz\/?p=1465#breadcrumb"},"inLanguage":"pt-PT","potentialAction":[{"@type":"ReadAction","target":["https:\/\/direcaocientifica.uem.mz\/?p=1465"]}]},{"@type":"ImageObject","inLanguage":"pt-PT","@id":"https:\/\/direcaocientifica.uem.mz\/?p=1465#primaryimage","url":"https:\/\/direcaocientifica.uem.mz\/wp-content\/uploads\/2025\/06\/WhatsApp-Image-2025-06-18-at-07.43.59_f7f276e5.jpg","contentUrl":"https:\/\/direcaocientifica.uem.mz\/wp-content\/uploads\/2025\/06\/WhatsApp-Image-2025-06-18-at-07.43.59_f7f276e5.jpg","width":1600,"height":799},{"@type":"BreadcrumbList","@id":"https:\/\/direcaocientifica.uem.mz\/?p=1465#breadcrumb","itemListElement":[{"@type":"ListItem","position":1,"name":"Home","item":"https:\/\/direcaocientifica.uem.mz\/"},{"@type":"ListItem","position":2,"name":"Outorga do T\u00edtulo Honor\u00edfico de Doutor Honoris Causa \u00c0 Sua Excel\u00eancia o Presidente da Rep\u00fablica Popular de Mo\u00e7ambique Samora Mois\u00e9s Machel"}]},{"@type":"WebSite","@id":"https:\/\/direcaocientifica.uem.mz\/#website","url":"https:\/\/direcaocientifica.uem.mz\/","name":"Direc\u00e7\u00e3o Cientifica","description":"","alternateName":"DC","potentialAction":[{"@type":"SearchAction","target":{"@type":"EntryPoint","urlTemplate":"https:\/\/direcaocientifica.uem.mz\/?s={search_term_string}"},"query-input":{"@type":"PropertyValueSpecification","valueRequired":true,"valueName":"search_term_string"}}],"inLanguage":"pt-PT"},{"@type":"Person","@id":"https:\/\/direcaocientifica.uem.mz\/#\/schema\/person\/af8c7574f60ead6d9fe7937ec2788a60","name":"Alberto Martins","image":{"@type":"ImageObject","inLanguage":"pt-PT","@id":"https:\/\/direcaocientifica.uem.mz\/#\/schema\/person\/image\/","url":"https:\/\/secure.gravatar.com\/avatar\/6fa414eb04b4fd5d6f2141f25116f84155e13280b8f79a61e09d7c0fcc6c5c18?s=96&d=mm&r=g","contentUrl":"https:\/\/secure.gravatar.com\/avatar\/6fa414eb04b4fd5d6f2141f25116f84155e13280b8f79a61e09d7c0fcc6c5c18?s=96&d=mm&r=g","caption":"Alberto Martins"}}]}},"rttpg_featured_image_url":{"full":["https:\/\/direcaocientifica.uem.mz\/wp-content\/uploads\/2025\/06\/WhatsApp-Image-2025-06-18-at-07.43.59_f7f276e5.jpg",1600,799,false],"landscape":["https:\/\/direcaocientifica.uem.mz\/wp-content\/uploads\/2025\/06\/WhatsApp-Image-2025-06-18-at-07.43.59_f7f276e5.jpg",1600,799,false],"portraits":["https:\/\/direcaocientifica.uem.mz\/wp-content\/uploads\/2025\/06\/WhatsApp-Image-2025-06-18-at-07.43.59_f7f276e5.jpg",1600,799,false],"thumbnail":["https:\/\/direcaocientifica.uem.mz\/wp-content\/uploads\/2025\/06\/WhatsApp-Image-2025-06-18-at-07.43.59_f7f276e5-150x150.jpg",150,150,true],"medium":["https:\/\/direcaocientifica.uem.mz\/wp-content\/uploads\/2025\/06\/WhatsApp-Image-2025-06-18-at-07.43.59_f7f276e5-300x150.jpg",300,150,true],"large":["https:\/\/direcaocientifica.uem.mz\/wp-content\/uploads\/2025\/06\/WhatsApp-Image-2025-06-18-at-07.43.59_f7f276e5-1024x511.jpg",1024,511,true],"1536x1536":["https:\/\/direcaocientifica.uem.mz\/wp-content\/uploads\/2025\/06\/WhatsApp-Image-2025-06-18-at-07.43.59_f7f276e5-1536x767.jpg",1536,767,true],"2048x2048":["https:\/\/direcaocientifica.uem.mz\/wp-content\/uploads\/2025\/06\/WhatsApp-Image-2025-06-18-at-07.43.59_f7f276e5.jpg",1600,799,false]},"rttpg_author":{"display_name":"Alberto Martins","author_link":"https:\/\/direcaocientifica.uem.mz\/?author=2"},"rttpg_comment":1,"rttpg_category":"<a href=\"https:\/\/direcaocientifica.uem.mz\/?cat=2\" rel=\"category\">Eventos<\/a>","rttpg_excerpt":"Data: 20 de Junho de 2025 &nbsp; A Universidade Eduardo Mondlane (UEM) realiza, na pr\u00f3xima sexta-feira, no Centro Cultural Universit\u00e1rio, a cerim\u00f3nia da outorga, a t\u00edtulo p\u00f3stumo do t\u00edtulo honor\u00edfico de Doutor Honoris Causa ao Presidente da Rep\u00fablica Popular de Mo\u00e7ambique, Samora Machel. A UEM refere que Samora Machel acreditava na educa\u00e7\u00e3o transformadora, numa governa\u00e7\u00e3o&hellip;","_links":{"self":[{"href":"https:\/\/direcaocientifica.uem.mz\/index.php?rest_route=\/wp\/v2\/posts\/1465","targetHints":{"allow":["GET"]}}],"collection":[{"href":"https:\/\/direcaocientifica.uem.mz\/index.php?rest_route=\/wp\/v2\/posts"}],"about":[{"href":"https:\/\/direcaocientifica.uem.mz\/index.php?rest_route=\/wp\/v2\/types\/post"}],"author":[{"embeddable":true,"href":"https:\/\/direcaocientifica.uem.mz\/index.php?rest_route=\/wp\/v2\/users\/2"}],"replies":[{"embeddable":true,"href":"https:\/\/direcaocientifica.uem.mz\/index.php?rest_route=%2Fwp%2Fv2%2Fcomments&post=1465"}],"version-history":[{"count":0,"href":"https:\/\/direcaocientifica.uem.mz\/index.php?rest_route=\/wp\/v2\/posts\/1465\/revisions"}],"wp:featuredmedia":[{"embeddable":true,"href":"https:\/\/direcaocientifica.uem.mz\/index.php?rest_route=\/wp\/v2\/media\/1466"}],"wp:attachment":[{"href":"https:\/\/direcaocientifica.uem.mz\/index.php?rest_route=%2Fwp%2Fv2%2Fmedia&parent=1465"}],"wp:term":[{"taxonomy":"category","embeddable":true,"href":"https:\/\/direcaocientifica.uem.mz\/index.php?rest_route=%2Fwp%2Fv2%2Fcategories&post=1465"},{"taxonomy":"post_tag","embeddable":true,"href":"https:\/\/direcaocientifica.uem.mz\/index.php?rest_route=%2Fwp%2Fv2%2Ftags&post=1465"}],"curies":[{"name":"wp","href":"https:\/\/api.w.org\/{rel}","templated":true}]}}